{"id":46818,"date":"2019-07-17T06:28:42","date_gmt":"2019-07-17T10:28:42","guid":{"rendered":"https:\/\/linitiative.ca\/International\/jcpoa-les-pays-europeens-invitent-washington-et-teheran-a-la-retenue\/"},"modified":"2019-07-17T06:28:42","modified_gmt":"2019-07-17T10:28:42","slug":"jcpoa-les-pays-europeens-invitent-washington-et-teheran-a-la-retenue","status":"publish","type":"post","link":"https:\/\/linitiative.ca\/International\/jcpoa-les-pays-europeens-invitent-washington-et-teheran-a-la-retenue\/","title":{"rendered":"JCPoA: Les pays europ\u00e9ens invitent Washington et T\u00e9h\u00e9ran \u00e0 la retenue\u2026"},"content":{"rendered":"<p class=\"c4\"><span class=\"c3\"><strong><span class=\"c2\">A<\/span>pr\u00e8s le retrait des Etats-Unis, en Mai 2018, du Joint Comprehensive Plan of Action (JCPoA \u2013 Accord sur le nucl\u00e9aire iranien sign\u00e9 \u00e0 Vienne en Juillet 2015) et la reprise des sanctions \u00e9conomiques qui lui \u00e9taient impos\u00e9es, l\u2019Iran estimant \u00eatre en droit de cesser de limiter ses r\u00e9serves d\u2019eau lourde et d\u2019uranium enrichi a annonc\u00e9, le 8 Juillet 2019, avoir commenc\u00e9 \u00e0 produire de l\u2019uranium enrichi \u00e0 4,5%.<\/strong><\/span><\/p>\n<p class=\"c4\">Il n\u2019en fallait pas plus, dans ce contexte de tr\u00e8s fortes discordes entre T\u00e9h\u00e9ran et Washington, pour pousser Paris, Londres et Berlin \u2013 en tant que parties \u00e0 cet accord \u2013\u00a0 \u00e0 agiter le spectre de son effondrement et appeler les deux parties, dans un communiqu\u00e9 commun diffus\u00e9 par l\u2019Elys\u00e9e en marge des festivit\u00e9s du 14 Juillet, \u00e0 \u00abarr\u00eater l\u2019escalade des tensions et \u00e0 reprendre le dialogue\u00bb.<\/p>\n<p class=\"c4\">Dans leur communiqu\u00e9, les trois capitales europ\u00e9ennes qui reconnaissent que la poursuite de l\u2019Accord de Vienne \u00abd\u00e9pend du plein respect par l\u2019Iran de ses obligations\u00bb se d\u00e9clarent \u00abpr\u00e9occup\u00e9es par le risque que le JCPoA ne se d\u00e9fasse, sous la pression des sanctions impos\u00e9es par les Etats-Unis et \u00e0 la suite de la d\u00e9cision de l\u2019Iran de ne plus appliquer plusieurs de ses dispositions centrales\u00bb.<\/p>\n<p class=\"c4\">Etant, par ailleurs, \u00abprofond\u00e9ment troubl\u00e9s par les attaques\u00bb ayant eu lieu dans le Golfe Persique et par \u00ab la d\u00e9t\u00e9rioration de la s\u00e9curit\u00e9 dans la r\u00e9gion\u00bb, Paris, Londres et Berlin tentent, depuis le retrait am\u00e9ricain et la reprise des sanctions contre l\u2019Iran, de mettre en place un m\u00e9canisme qui permettrait de poursuivre les \u00e9changes \u00e9conomiques avec la R\u00e9publique islamique. Elles estiment, enfin, que \u00ables risques sont tels qu\u2019il est n\u00e9cessaire que toutes les parties prenantes marquent une pause et envisagent les cons\u00e9quences possibles de leurs actions\u00bb.<\/p>\n<p class=\"c4\">Or, en consid\u00e9rant que \u00abla frustration de la R\u00e9publique islamique est compr\u00e9hensible\u00bb du moment que \u00ables sanctions am\u00e9ricaines l\u2019emp\u00eachent de b\u00e9n\u00e9ficier des avantages \u00e9conomiques promis lorsqu\u2019il a accept\u00e9 de freiner son activit\u00e9 atomique\u00bb, le comit\u00e9 de r\u00e9daction du Financial Times, a estim\u00e9, ce dimanche, que \u00ables dirigeants iraniens ne devraient pas tomber dans le pi\u00e8ge de M. Trump et contre-attaquer au point de donner le sentiment aux autres puissances europ\u00e9ennes qu\u2019elles n\u2019ont pas d\u2019autres choix que celui d\u2019abandonner l\u2019accord et de s\u2019aligner encore plus \u00e9troitement sur la position am\u00e9ricaine\u00bb.<\/p>\n<p class=\"c4\">Aussi, en d\u00e9clarant avoir \u00abchang\u00e9 (de) strat\u00e9gie en passant de la patience \u00e0 la revanche\u00bb tout en restant pr\u00eat, n\u00e9anmoins, \u00e0 r\u00e9pondre \u00ab\u00e0 chaque action prise par l\u2019autre partie\u00bb, le pr\u00e9sident iranien Hassan Rohani, a fait part, ce dimanche, de son enti\u00e8re disposition \u00e0 n\u00e9gocier avec les Etats-Unis si l\u2019administration Trump consent \u00e0 lever les sanctions \u00e9conomiques ind\u00fbment impos\u00e9es \u00e0 T\u00e9h\u00e9ran ajoutant m\u00eame que \u00abs\u2019ils diminuent leurs engagements dans l\u2019accord, nous les diminuerons aussi. S\u2019ils respectent pleinement leurs engagements, nous ferons de m\u00eame\u00bb. Mais cette proposition a \u00e9t\u00e9 imm\u00e9diatement rejet\u00e9e par le Secr\u00e9taire d\u2019Etat am\u00e9ricain aux Affaires \u00e9trang\u00e8res Mike Pompeo, au motif qu\u2019elle n\u2019apporterait rien de nouveau et ne diff\u00e8rerait aucunement de celle que le r\u00e9gime iranien avait d\u00e9j\u00e0 faite au Pr\u00e9sident Obama et \u00e0 son secr\u00e9taire d\u2019Etat John Kerry.<\/p>\n<p class=\"c4\">Mais, si ce week-end, le \u00abMail on Sunday\u00bb a d\u00e9voil\u00e9 des documents diplomatiques dans lesquels l\u2019ancien ambassadeur britannique Kim Darroch affirme que Donald Trump n\u2019est sorti de l\u2019accord de Vienne que pour \u00abcontrarier\u00bb Barack Obama, cela revient \u00e0 dire que c\u2019est uniquement pour enterrer le JCPoA qu\u2019en emboitant le pas au Premier ministre isra\u00e9lien dont l\u2019Iran est l\u2019ennemi-jur\u00e9, la nouvelle administration am\u00e9ricaine cherche, par tous moyens, \u00e0 affamer T\u00e9h\u00e9ran en criant \u00abau loup\u00bb. Qu\u2019adviendra-t-il alors du fameux accord de Vienne de Juillet 2015 sur lequel le monde entier avait fond\u00e9 de grands espoirs ? Attendons pour voir\u2026<\/p>\n<p class=\"c5\"><strong>Nabil Bousaadi<\/strong><\/p>\n<p>Auteur: rahal mehamed<br \/>\n<a href=\"http:\/\/albayane.press.ma\/jcpoa-les-pays-europeens-invitent-washington-et-teheran-a-la-retenue.html\">Cliquez ici pour lire l&rsquo;article depuis sa source.<\/a><\/p>\n","protected":false},"excerpt":{"rendered":"<p>Apr\u00e8s le retrait des Etats-Unis, en Mai 2018, du Joint Comprehensive Plan of Action (JCPoA \u2013 Accord sur le nucl\u00e9aire iranien sign\u00e9 \u00e0 Vienne en Juillet 2015) et la reprise des sanctions \u00e9conomiques qui lui \u00e9taient impos\u00e9es, l\u2019Iran estimant \u00eatre en droit de cesser de limiter ses r\u00e9serves d\u2019eau lourde et d\u2019uranium enrichi a annonc\u00e9, [&hellip;]<\/p>\n","protected":false},"author":1760,"featured_media":0,"comment_status":"closed","ping_status":"closed","sticky":false,"template":"","format":"standard","meta":{"fifu_image_url":"","fifu_image_alt":"","footnotes":""},"categories":[73,54],"tags":[],"class_list":["post-46818","post","type-post","status-publish","format-standard","hentry","category-actualite","category-maroc"],"_links":{"self":[{"href":"https:\/\/linitiative.ca\/International\/wp-json\/wp\/v2\/posts\/46818","targetHints":{"allow":["GET"]}}],"collection":[{"href":"https:\/\/linitiative.ca\/International\/wp-json\/wp\/v2\/posts"}],"about":[{"href":"https:\/\/linitiative.ca\/International\/wp-json\/wp\/v2\/types\/post"}],"author":[{"embeddable":true,"href":"https:\/\/linitiative.ca\/International\/wp-json\/wp\/v2\/users\/1760"}],"replies":[{"embeddable":true,"href":"https:\/\/linitiative.ca\/International\/wp-json\/wp\/v2\/comments?post=46818"}],"version-history":[{"count":0,"href":"https:\/\/linitiative.ca\/International\/wp-json\/wp\/v2\/posts\/46818\/revisions"}],"wp:attachment":[{"href":"https:\/\/linitiative.ca\/International\/wp-json\/wp\/v2\/media?parent=46818"}],"wp:term":[{"taxonomy":"category","embeddable":true,"href":"https:\/\/linitiative.ca\/International\/wp-json\/wp\/v2\/categories?post=46818"},{"taxonomy":"post_tag","embeddable":true,"href":"https:\/\/linitiative.ca\/International\/wp-json\/wp\/v2\/tags?post=46818"}],"curies":[{"name":"wp","href":"https:\/\/api.w.org\/{rel}","templated":true}]}}