{"id":46819,"date":"2019-07-17T06:32:23","date_gmt":"2019-07-17T10:32:23","guid":{"rendered":"https:\/\/linitiative.ca\/International\/transfert-iajor-pourrait-quitter-le-raja-vers-le-qatar\/"},"modified":"2019-07-17T06:32:23","modified_gmt":"2019-07-17T10:32:23","slug":"transfert-iajor-pourrait-quitter-le-raja-vers-le-qatar","status":"publish","type":"post","link":"https:\/\/linitiative.ca\/International\/transfert-iajor-pourrait-quitter-le-raja-vers-le-qatar\/","title":{"rendered":"Transfert: Iajor pourrait quitter le Raja vers le Qatar"},"content":{"rendered":"<p class=\"c4\"><span class=\"c3\"><strong><span class=\"c2\">L<\/span>e buteur-maison du Raja de Casablanca, Mohcine Iajor,\u00a0 est sur le point de quitter son club pour aller effectuer une nouvelle exp\u00e9rience professionnelle au championnat du Qatar. C\u2019est l\u2019enfant du club, Soufiane Rahimi, qui devrait prendre sa place au poste d\u2019avant-centre puisqu\u2019il lui ressemble beaucoup et dans diff\u00e9rents aspect technique\u2026<\/strong><\/span><\/p>\n<p class=\"c4\">Apr\u00e8s donc deux bonnes saisons avec son club des Verts qui venaient enfin de terminer sur la 2<sup>e<\/sup> place du podium de la Botola retrouvant ainsi la Ligue des Champions d\u2019Afrique, Iajor meilleur buteur du championnat national (19 r\u00e9alisations), a re\u00e7u une offre all\u00e9chante de la part d\u2019un club qatari qui veut s\u2019attacher ses services.<\/p>\n<p class=\"c4\">Le Raja est lui aussi int\u00e9ress\u00e9 par ce transfert puisque le montant d\u2019une somme de 600 millions de centimes, selon des sources proches des Verts, serait de nature \u00e0 renflouer les caisses du club toujours en voie de trouver une issue \u00e0 sa crise financi\u00e8re.<\/p>\n<p class=\"c4\">Pour le moment, les n\u00e9gociations sont en cours entre les deux clubs en plus du joueur int\u00e9ress\u00e9 qui souhaiterait \u00e9galement d\u2019aller changer d\u2019air, apr\u00e8s avoir men\u00e9 ses co\u00e9quipiers rajaouis\u00a0 \u00e0 un double sacre continental, en remportant la Coupe de la CAF en novembre 2018 avant de confirmer en Supercoupe d\u2019Afrique en mars 2019 en battant l\u2019Esp\u00e9rance Tunis,\u00a0 vainqueur de la Ligue des Champions.<\/p>\n<p class=\"c4\">Iajor qui n\u2019a pourtant pas \u00e9t\u00e9 estim\u00e9 \u00e0 juste valeur en n\u2019\u00e9tant pas convoqu\u00e9 en \u00e9quipe nationale \u00e9limin\u00e9e pr\u00e9matur\u00e9ment en CAN 2019 en Egypte, avait donc confirm\u00e9 son m\u00e9rite au sein du Raja en apportant des titres africains au Maroc et souhaite enchainer au Qatar vers d\u2019autres succ\u00e8s.<\/p>\n<p class=\"c4\">A son \u00e2ge (34 ans), Mohcine Iajor continue donc de s\u00e9duire et d\u2019attire l\u2019attention. Son passage au Qatar pourrait lui ajouter le plus qu\u2019il cherche m\u00eame s\u2019il est pr\u00e9f\u00e9rable de le voir dans un championnat plus comp\u00e9titif et d\u2019un niveau technique plus performant. Car disons le tout court, \u00a0Iajor a vraiment sa place en Europe au vu de son charisme de v\u00e9ritable attaquant ayant les moyens de laisser ses traces l\u00e0 o\u00f9 il passe. Son talent l\u2019a confirm\u00e9 depuis qu\u2019il \u00e9voluait chez les jeunes de son club pr\u00e9f\u00e9r\u00e9, le Raja, tout en r\u00e9ussissant sa participation avec l\u2019\u00e9quipe nationale des juniors en arrivant au Mondial 2005 de la cat\u00e9gorie\u00a0 aux Pays-Bas. En compagnie des grands du Raja, Iajor a r\u00e9ussi des titres en Botola, en Coupe du Tr\u00f4ne, en Coupe arabe, en Coupe d\u2019Afrique dont les r\u00e9cents sacres de la CAF et de la Supercoupe\u2026 Cela sans oublier son autre titre de buteur avec le Raja finaliste du Mondial des clubs organis\u00e9 au Maroc en 2013, rendez-vous plan\u00e9taire remport\u00e9 par le Bayern Munich \u00e0 Marrakech (2-0).<\/p>\n<p class=\"c4\">Voil\u00e0 un bref aper\u00e7u sur le parcours r\u00e9ussi par Iajor avec le Raja mais aussi chez d\u2019autres clubs de la Botola tels le WAC et le MAT.<\/p>\n<p class=\"c4\">Esp\u00e9rons que la nouvelle destination de Iajor\u00a0 au Qatar connaisse \u00e9galement la r\u00e9ussite escompt\u00e9e\u2026<\/p>\n<p class=\"c5\"><strong>Rochdi Ben Mhammed<\/strong><\/p>\n<p>Auteur: rahal mehamed<br \/>\n<a href=\"http:\/\/albayane.press.ma\/transfert-iajor-pourrait-quitter-le-raja-vers-le-qatar.html\">Cliquez ici pour lire l&rsquo;article depuis sa source.<\/a><\/p>\n","protected":false},"excerpt":{"rendered":"<p>Le buteur-maison du Raja de Casablanca, Mohcine Iajor,\u00a0 est sur le point de quitter son club pour aller effectuer une nouvelle exp\u00e9rience professionnelle au championnat du Qatar. C\u2019est l\u2019enfant du club, Soufiane Rahimi, qui devrait prendre sa place au poste d\u2019avant-centre puisqu\u2019il lui ressemble beaucoup et dans diff\u00e9rents aspect technique\u2026 Apr\u00e8s donc deux bonnes saisons [&hellip;]<\/p>\n","protected":false},"author":1760,"featured_media":0,"comment_status":"closed","ping_status":"closed","sticky":false,"template":"","format":"standard","meta":{"fifu_image_url":"","fifu_image_alt":"","footnotes":""},"categories":[73,54],"tags":[],"class_list":["post-46819","post","type-post","status-publish","format-standard","hentry","category-actualite","category-maroc"],"_links":{"self":[{"href":"https:\/\/linitiative.ca\/International\/wp-json\/wp\/v2\/posts\/46819","targetHints":{"allow":["GET"]}}],"collection":[{"href":"https:\/\/linitiative.ca\/International\/wp-json\/wp\/v2\/posts"}],"about":[{"href":"https:\/\/linitiative.ca\/International\/wp-json\/wp\/v2\/types\/post"}],"author":[{"embeddable":true,"href":"https:\/\/linitiative.ca\/International\/wp-json\/wp\/v2\/users\/1760"}],"replies":[{"embeddable":true,"href":"https:\/\/linitiative.ca\/International\/wp-json\/wp\/v2\/comments?post=46819"}],"version-history":[{"count":0,"href":"https:\/\/linitiative.ca\/International\/wp-json\/wp\/v2\/posts\/46819\/revisions"}],"wp:attachment":[{"href":"https:\/\/linitiative.ca\/International\/wp-json\/wp\/v2\/media?parent=46819"}],"wp:term":[{"taxonomy":"category","embeddable":true,"href":"https:\/\/linitiative.ca\/International\/wp-json\/wp\/v2\/categories?post=46819"},{"taxonomy":"post_tag","embeddable":true,"href":"https:\/\/linitiative.ca\/International\/wp-json\/wp\/v2\/tags?post=46819"}],"curies":[{"name":"wp","href":"https:\/\/api.w.org\/{rel}","templated":true}]}}