{"id":46821,"date":"2019-07-17T07:16:17","date_gmt":"2019-07-17T11:16:17","guid":{"rendered":"https:\/\/linitiative.ca\/International\/eviter-la-frustration-des-citoyens-daghroud\/"},"modified":"2019-07-17T07:16:17","modified_gmt":"2019-07-17T11:16:17","slug":"eviter-la-frustration-des-citoyens-daghroud","status":"publish","type":"post","link":"https:\/\/linitiative.ca\/International\/eviter-la-frustration-des-citoyens-daghroud\/","title":{"rendered":"Eviter la frustration des citoyens d\u2019Aghroud!"},"content":{"rendered":"<p class=\"c4\"><span class=\"c3\"><strong><span class=\"c2\">U<\/span>ne sc\u00e8ne poignante dont l\u2019h\u00e9ro\u00efne \u00e9tait une gamine vocif\u00e9rant en sanglots le malheur de toute une zone, avait \u00e9mu de bout en bout, l\u2019opinion publique r\u00e9gionale. C\u2019\u00e9tait lors d\u2019un sit-in observ\u00e9 r\u00e9cemment par les populations de ces patelins du littoral nord d\u2019Agadir, \u00e0 quelques cinquante kilom\u00e8tres.<\/strong><\/span><\/p>\n<p class=\"c4\">On reviendra alors sur cette probl\u00e9matique chronique de l\u2019expropriation des terrains destin\u00e9s par l\u2019Etat aux projets \u00e0 utilit\u00e9 publique. Lors d\u2019un pr\u00e9c\u00e9dent papier, on avait soulev\u00e9 le probl\u00e8me du m\u00eame cas de plus de 500 hectares de terrains \u00e0 la localit\u00e9 d\u2019Aghroud, situ\u00e9e dans la commune rurale de Tamri, relevant de la pr\u00e9fecture d\u2019Agadir Ida Outanane.<\/p>\n<p class=\"c4\">En effet, depuis 1976, la Soci\u00e9t\u00e9 Nationale de l\u2019Am\u00e9nagement de la Baie d\u2019Agadir (SONABA) a proc\u00e9d\u00e9, inopin\u00e9ment et discr\u00e8tement, \u00e0 la privation de ces douars de familles d\u00e9sh\u00e9rit\u00e9es de leurs biens fonciers qui leur revenaient de droit, depuis des si\u00e8cles et dont les sceaux des anciens sultans sont encore appos\u00e9s sur leurs documents de propri\u00e9t\u00e9. Sous pr\u00e9texte que cette op\u00e9ration promulgu\u00e9e en dahir au bulletin officiel 1.76.393 du 21 juin1976, sur proposition des ministres de l\u2019Int\u00e9rieur et du tourisme, \u00e9tait dict\u00e9e par l\u2019int\u00e9r\u00eat public g\u00e9n\u00e9ral, pr\u00e9sum\u00e9 \u00eatre destin\u00e9 \u00e0 mettre en valeur le littoral nord aux sites attractifs.<\/p>\n<p class=\"c4\">Or, depuis plus de 40 ans, ces superficies \u00abconfisqu\u00e9es\u00bb n\u2019ont jamais \u00e9t\u00e9 valoris\u00e9es, alors que les propri\u00e9taires non indemnis\u00e9s, jusqu\u2019ici, crient scandale, devant cette supercherie qui ne dit pas son nom. Indign\u00e9s et r\u00e9volt\u00e9s par cette injustice, les ayants droit montent toujours au cr\u00e9neau, en se constituant en association pour restituer leurs lots spoli\u00e9s, depuis des d\u00e9cennies, sans proc\u00e9dure l\u00e9gale d\u2019immatriculation par la SONABA, transform\u00e9e actuellement en Soci\u00e9t\u00e9 Matocaone de l\u2019Ing\u00e9nierie Touristique (SMIT) dont l\u2019autonomie d\u00e9cisionnelle rel\u00e8ve maintenant des services centraux.<\/p>\n<p class=\"c4\">Parmi les victimes, des propri\u00e9taires des Marocains R\u00e9sidents \u00e0 l\u2019Etranger ont d\u00e9j\u00e0 manifest\u00e9 leur m\u00e9contentement aux \u00a0c\u00f4t\u00e9s des propri\u00e9taires usurp\u00e9s, rassembl\u00e9s, tous, dans l\u2019association mondiale des r\u00e9sidents \u00e9trangers propri\u00e9taires d\u2019Aghroud pour le d\u00e9veloppement et la coop\u00e9ration. Leur voix s\u2019\u00e9l\u00e8ve \u00e9galement contre cette machination et r\u00e9clament, en compagnie de leurs coll\u00e8gues, le r\u00e9tablissement de ce dossier. Apr\u00e8s s\u2019\u00eatre manifest\u00e9 sur place, \u00e0 maintes reprises, ils prennent part \u00e0 d\u2019autres manifestations afin de faire valoir leurs droits l\u00e9gitimes.<\/p>\n<p class=\"c4\">Outre ces mouvements de protestation, les propri\u00e9taires avaient tenu des rencontres avec les responsables sans que certains ne prennent la peine d\u2019y assister, notamment le d\u00e9partement du tourisme et autres qui brillent par leur absence. Des r\u00e9unions de concertation ont eu lieu, pour poursuivre les consultations en vue de trouver des solutions \u00e0 cette situation dramatique qui risque de d\u00e9g\u00e9n\u00e9rer. Il convient aussi de souligner que la localit\u00e9 de Tamaouenza, se trouvant dans le territoire de la commune rurale d\u2019Aourir \u00e0 une dizaine de kilom\u00e8tres d\u2019Agadir, avait connu \u00e9galement le m\u00eame sort.<\/p>\n<p>Auteur: rahal mehamed<br \/>\n<a href=\"http:\/\/albayane.press.ma\/80103.html\">Cliquez ici pour lire l&rsquo;article depuis sa source.<\/a><\/p>\n","protected":false},"excerpt":{"rendered":"<p>Une sc\u00e8ne poignante dont l\u2019h\u00e9ro\u00efne \u00e9tait une gamine vocif\u00e9rant en sanglots le malheur de toute une zone, avait \u00e9mu de bout en bout, l\u2019opinion publique r\u00e9gionale. C\u2019\u00e9tait lors d\u2019un sit-in observ\u00e9 r\u00e9cemment par les populations de ces patelins du littoral nord d\u2019Agadir, \u00e0 quelques cinquante kilom\u00e8tres. On reviendra alors sur cette probl\u00e9matique chronique de l\u2019expropriation [&hellip;]<\/p>\n","protected":false},"author":1760,"featured_media":0,"comment_status":"closed","ping_status":"closed","sticky":false,"template":"","format":"standard","meta":{"fifu_image_url":"","fifu_image_alt":"","footnotes":""},"categories":[73,54],"tags":[],"class_list":["post-46821","post","type-post","status-publish","format-standard","hentry","category-actualite","category-maroc"],"_links":{"self":[{"href":"https:\/\/linitiative.ca\/International\/wp-json\/wp\/v2\/posts\/46821","targetHints":{"allow":["GET"]}}],"collection":[{"href":"https:\/\/linitiative.ca\/International\/wp-json\/wp\/v2\/posts"}],"about":[{"href":"https:\/\/linitiative.ca\/International\/wp-json\/wp\/v2\/types\/post"}],"author":[{"embeddable":true,"href":"https:\/\/linitiative.ca\/International\/wp-json\/wp\/v2\/users\/1760"}],"replies":[{"embeddable":true,"href":"https:\/\/linitiative.ca\/International\/wp-json\/wp\/v2\/comments?post=46821"}],"version-history":[{"count":0,"href":"https:\/\/linitiative.ca\/International\/wp-json\/wp\/v2\/posts\/46821\/revisions"}],"wp:attachment":[{"href":"https:\/\/linitiative.ca\/International\/wp-json\/wp\/v2\/media?parent=46821"}],"wp:term":[{"taxonomy":"category","embeddable":true,"href":"https:\/\/linitiative.ca\/International\/wp-json\/wp\/v2\/categories?post=46821"},{"taxonomy":"post_tag","embeddable":true,"href":"https:\/\/linitiative.ca\/International\/wp-json\/wp\/v2\/tags?post=46821"}],"curies":[{"name":"wp","href":"https:\/\/api.w.org\/{rel}","templated":true}]}}