{"id":46823,"date":"2019-07-17T08:05:28","date_gmt":"2019-07-17T12:05:28","guid":{"rendered":"https:\/\/linitiative.ca\/International\/un-projet-de-palmier-dattier-recoit-le-certificat-iso\/"},"modified":"2019-07-17T08:05:28","modified_gmt":"2019-07-17T12:05:28","slug":"un-projet-de-palmier-dattier-recoit-le-certificat-iso","status":"publish","type":"post","link":"https:\/\/linitiative.ca\/International\/un-projet-de-palmier-dattier-recoit-le-certificat-iso\/","title":{"rendered":"Un projet de palmier dattier re\u00e7oit le certificat ISO"},"content":{"rendered":"<div readability=\"37\">\n<p>-(Par Jaouad Touiouel)-<br \/>Abu Dhabi \u2013 Le projet \u00ab\u00a0Marrakech pour le palmier dattier\u00a0\u00bb a obtenu une reconnaissance internationale de l\u2019ISO le r\u00e9compensant pour la mise en \u0153uvre de normes de durabilit\u00e9 agricole, apr\u00e8s un contr\u00f4le effectu\u00e9 par la soci\u00e9t\u00e9 allemande \u00ab\u00a0TUV\u00a0\u00bb, reconnue mondialement pour ses services de certification.<\/p>\n<\/div>\n<div readability=\"89\">\n<p>Ainsi, l\u2019\u00e9quipe de \u00ab\u00a0TUV\u00a0\u00bb a salu\u00e9 le niveau de mise en \u0153uvre efficace des syst\u00e8mes qualit\u00e9 du projet et l\u2019int\u00e9r\u00eat accord\u00e9 \u00e0 l\u2019adoption des applications de la durabilit\u00e9 agricole.<\/p>\n<p>Le projet comprend un laboratoire enti\u00e8rement \u00e9quip\u00e9 de 850 m2, quatre espaces de plantation de vitroplants d\u2019une capacit\u00e9 de 90.000 plantes chacune, ainsi que 18 stations dot\u00e9es de moyens de germination et de renforcement des arbustes selon les normes internationales les plus strictes.<\/p>\n<p>Selon la soci\u00e9t\u00e9 allemande \u00ab\u00a0TUV\u00a0\u00bb, le projet \u00ab\u00a0Marrakech pour le palmier dattier\u00a0\u00bb a obtenu ce certificat eu \u00e9gard \u00e0 son recours aux meilleures normes et pratiques internationales, notamment en mati\u00e8re de syst\u00e8mes de qualit\u00e9 et de durabilit\u00e9.<\/p>\n<p>\u00ab\u00a0Cette reconnaissance internationale constitue une motivation pour les op\u00e9rateurs dans le secteur du palmier dattier au Maroc, conform\u00e9ment \u00e0 la vision de SM le Roi Mohammed VI visant \u00e0 faire de ce secteur un v\u00e9ritable levier du d\u00e9veloppement durable dans le Royaume\u00a0\u00bb, a indiqu\u00e9 le superviseur du projet, l\u2019expert agronome marocain Abdelouahab Zaid, dans une d\u00e9claration \u00e0 la presse.<\/p>\n<p>\u00ab\u00a0Ce projet, qui allie expertise nationale et internationale, vise \u00e0 r\u00e9pondre aux besoins croissants de la plantation de palmiers dattiers au Maroc, \u00e0 travers le recours \u00e0 une technique pour multiplier les vari\u00e9t\u00e9s de palmiers\u00a0\u00bb, a expliqu\u00e9 M. Zaid, notant que cette m\u00e9thode garantit l\u2019appariement des vari\u00e9t\u00e9s de palmiers dattiers produites par la vari\u00e9t\u00e9 m\u00e8re.<\/p>\n<p>Et de relever que ces plantules sont totalement indemnes de maladies et d\u2019insectes, avec un taux de r\u00e9ussite de 100% et une quantit\u00e9 limit\u00e9e d\u2019eau, soulignant qu\u2019il est facile de transf\u00e9rer ces plants d\u2019un endroit \u00e0 un autre.<\/p>\n<p>Quant aux vari\u00e9t\u00e9s produites, M. Zaid a soulign\u00e9 que le projet focalise sur les vari\u00e9t\u00e9s contenus dans le programme du minist\u00e8re de l\u2019Agriculture et de la P\u00eache, en particulier \u00ab\u00a0Lmajhoul\u00a0\u00bb, ajoutant que le projet pr\u00e9voit de mettre en place un programme annuel d\u2019introduction de nouvelles vari\u00e9t\u00e9s.<\/p>\n<p>L\u2019expert agronome marocain a re\u00e7u la m\u00e9daille d\u2019or de l\u2019Organisation des Nations unies pour l\u2019alimentation et l\u2019agriculture (FAO) en reconnaissance de ses efforts et r\u00e9alisations en mati\u00e8re de culture du palmier aux plans arabe et international.<\/p>\n<p>Ambassadeur de bonne volont\u00e9 de la FAO, M. Zaid est secr\u00e9taire g\u00e9n\u00e9ral du Prix international Khalifa du palmier dattier, coordonnateur g\u00e9n\u00e9ral du R\u00e9seau international du palmier dattier et directeur g\u00e9n\u00e9ral du Centre arabe du g\u00e9nie g\u00e9n\u00e9tique et de la biotechnologie.<\/p>\n<\/div>\n<p>Auteur: Meriem IGASS<br \/>\n<a href=\"http:\/\/www.mapmarrakech.ma\/fr\/un-projet-de-palmier-dattier-recoit-le-certificat-de-qualite-iso\/\">Cliquez ici pour lire l&rsquo;article depuis sa source.<\/a><\/p>\n","protected":false},"excerpt":{"rendered":"<p>-(Par Jaouad Touiouel)-Abu Dhabi \u2013 Le projet \u00ab\u00a0Marrakech pour le palmier dattier\u00a0\u00bb a obtenu une reconnaissance internationale de l\u2019ISO le r\u00e9compensant pour la mise en \u0153uvre de normes de durabilit\u00e9 agricole, apr\u00e8s un contr\u00f4le effectu\u00e9 par la soci\u00e9t\u00e9 allemande \u00ab\u00a0TUV\u00a0\u00bb, reconnue mondialement pour ses services de certification. Ainsi, l\u2019\u00e9quipe de \u00ab\u00a0TUV\u00a0\u00bb a salu\u00e9 le niveau [&hellip;]<\/p>\n","protected":false},"author":1788,"featured_media":0,"comment_status":"closed","ping_status":"closed","sticky":false,"template":"","format":"standard","meta":{"fifu_image_url":"","fifu_image_alt":"","footnotes":""},"categories":[54,76],"tags":[],"class_list":["post-46823","post","type-post","status-publish","format-standard","hentry","category-maroc","category-regions"],"_links":{"self":[{"href":"https:\/\/linitiative.ca\/International\/wp-json\/wp\/v2\/posts\/46823","targetHints":{"allow":["GET"]}}],"collection":[{"href":"https:\/\/linitiative.ca\/International\/wp-json\/wp\/v2\/posts"}],"about":[{"href":"https:\/\/linitiative.ca\/International\/wp-json\/wp\/v2\/types\/post"}],"author":[{"embeddable":true,"href":"https:\/\/linitiative.ca\/International\/wp-json\/wp\/v2\/users\/1788"}],"replies":[{"embeddable":true,"href":"https:\/\/linitiative.ca\/International\/wp-json\/wp\/v2\/comments?post=46823"}],"version-history":[{"count":0,"href":"https:\/\/linitiative.ca\/International\/wp-json\/wp\/v2\/posts\/46823\/revisions"}],"wp:attachment":[{"href":"https:\/\/linitiative.ca\/International\/wp-json\/wp\/v2\/media?parent=46823"}],"wp:term":[{"taxonomy":"category","embeddable":true,"href":"https:\/\/linitiative.ca\/International\/wp-json\/wp\/v2\/categories?post=46823"},{"taxonomy":"post_tag","embeddable":true,"href":"https:\/\/linitiative.ca\/International\/wp-json\/wp\/v2\/tags?post=46823"}],"curies":[{"name":"wp","href":"https:\/\/api.w.org\/{rel}","templated":true}]}}