{"id":46825,"date":"2019-07-17T07:16:33","date_gmt":"2019-07-17T11:16:33","guid":{"rendered":"https:\/\/linitiative.ca\/International\/la-canicule-persistera-sur-le-sud-du-pays-jusqua-vendredi-soir\/"},"modified":"2019-07-17T07:16:33","modified_gmt":"2019-07-17T11:16:33","slug":"la-canicule-persistera-sur-le-sud-du-pays-jusqua-vendredi-soir","status":"publish","type":"post","link":"https:\/\/linitiative.ca\/International\/la-canicule-persistera-sur-le-sud-du-pays-jusqua-vendredi-soir\/","title":{"rendered":"La canicule persistera sur le Sud du pays jusqu&rsquo;\u00e0 vendredi soir"},"content":{"rendered":"<div>\n<div class=\"K2FeedImage\"><img decoding=\"async\" src=\"http:\/\/www.aps.dz\/media\/k2\/items\/cache\/d2a8a6d9006d4146e9a72d4da6ed49e3_S.jpg\" alt=\"La canicule persistera sur le Sud du pays jusqu'\u00e0 vendredi soir\"><\/div>\n<div class=\"K2FeedIntroText\">\n<p><strong>ALGER &#8211; La canicule persistera sur le sud du pays jusqu&rsquo;\u00e0 vendredi soir, avec des temp\u00e9ratures qui d\u00e9passeront localement les 48 C, selon un Bulletin m\u00e9t\u00e9orologique sp\u00e9cial (BMS), \u00e9mis, mercredi, par les services de l&rsquo;Office national de la m\u00e9t\u00e9orologie (ONM).<\/strong><\/p>\n<\/div>\n<div class=\"K2FeedFullText\">\n<hr>\n<h3>Lire aussi:\u00a0<a href=\"http:\/\/www.aps.dz\/regions\/91995-persistance-de-la-canicule-sur-le-sud-du-pays-jusqu-a-mercredi-soir-bms\" target=\"_blank\" rel=\"noopener noreferrer\">Persistance de la canicule sur le sud du pays jusqu&rsquo;\u00e0 mercredi soir<\/a><\/h3>\n<hr>\n<p>Des temp\u00e9ratures caniculaires continueront de d\u00e9passer localement les 48 C sur Adrar et le Nord de Tamanrasset jusqu&rsquo;\u00e0 vendredi \u00e0 21h00, pr\u00e9cise la m\u00eame source.<\/p>\n<p>Pour plus de pr\u00e9cisions, l&rsquo;office invite \u00e0 consulter la carte de vigilance sur le site de M\u00e9t\u00e9oAlg\u00e9rie (<a href=\"http:\/\/www.meteo.dz\/\">www.meteo.dz<\/a>).<\/p>\n<\/div>\n<\/div>\n<p>Auteur:<br \/>\n<a href=\"http:\/\/www.aps.dz\/regions\/92043-la-canicule-persistera-sur-le-sud-du-pays-jusqu-a-vendredi-soir\">Cliquez ici pour lire l&rsquo;article depuis sa source.<\/a><\/p>\n","protected":false},"excerpt":{"rendered":"<p>ALGER &#8211; La canicule persistera sur le sud du pays jusqu&rsquo;\u00e0 vendredi soir, avec des temp\u00e9ratures qui d\u00e9passeront localement les 48 C, selon un Bulletin m\u00e9t\u00e9orologique sp\u00e9cial (BMS), \u00e9mis, mercredi, par les services de l&rsquo;Office national de la m\u00e9t\u00e9orologie (ONM). Lire aussi:\u00a0Persistance de la canicule sur le sud du pays jusqu&rsquo;\u00e0 mercredi soir Des temp\u00e9ratures [&hellip;]<\/p>\n","protected":false},"author":1790,"featured_media":46826,"comment_status":"closed","ping_status":"closed","sticky":false,"template":"","format":"standard","meta":{"fifu_image_url":"","fifu_image_alt":"","footnotes":""},"categories":[53,76],"tags":[],"class_list":["post-46825","post","type-post","status-publish","format-standard","has-post-thumbnail","hentry","category-algerie","category-regions"],"_links":{"self":[{"href":"https:\/\/linitiative.ca\/International\/wp-json\/wp\/v2\/posts\/46825","targetHints":{"allow":["GET"]}}],"collection":[{"href":"https:\/\/linitiative.ca\/International\/wp-json\/wp\/v2\/posts"}],"about":[{"href":"https:\/\/linitiative.ca\/International\/wp-json\/wp\/v2\/types\/post"}],"author":[{"embeddable":true,"href":"https:\/\/linitiative.ca\/International\/wp-json\/wp\/v2\/users\/1790"}],"replies":[{"embeddable":true,"href":"https:\/\/linitiative.ca\/International\/wp-json\/wp\/v2\/comments?post=46825"}],"version-history":[{"count":0,"href":"https:\/\/linitiative.ca\/International\/wp-json\/wp\/v2\/posts\/46825\/revisions"}],"wp:featuredmedia":[{"embeddable":true,"href":"https:\/\/linitiative.ca\/International\/wp-json\/"}],"wp:attachment":[{"href":"https:\/\/linitiative.ca\/International\/wp-json\/wp\/v2\/media?parent=46825"}],"wp:term":[{"taxonomy":"category","embeddable":true,"href":"https:\/\/linitiative.ca\/International\/wp-json\/wp\/v2\/categories?post=46825"},{"taxonomy":"post_tag","embeddable":true,"href":"https:\/\/linitiative.ca\/International\/wp-json\/wp\/v2\/tags?post=46825"}],"curies":[{"name":"wp","href":"https:\/\/api.w.org\/{rel}","templated":true}]}}