{"id":46828,"date":"2019-07-17T10:52:16","date_gmt":"2019-07-17T14:52:16","guid":{"rendered":"https:\/\/linitiative.ca\/International\/oran-demantelement-dun-reseau-national-de-trafic-international-de-vehicules\/"},"modified":"2019-07-17T10:52:16","modified_gmt":"2019-07-17T14:52:16","slug":"oran-demantelement-dun-reseau-national-de-trafic-international-de-vehicules","status":"publish","type":"post","link":"https:\/\/linitiative.ca\/International\/oran-demantelement-dun-reseau-national-de-trafic-international-de-vehicules\/","title":{"rendered":"Oran : d\u00e9mant\u00e8lement d&rsquo;un r\u00e9seau national de trafic international de v\u00e9hicules"},"content":{"rendered":"<div>\n<div class=\"K2FeedImage\"><img decoding=\"async\" src=\"http:\/\/www.aps.dz\/media\/k2\/items\/cache\/de657fb3db536656613741b78da65bec_S.jpg\" alt=\"Oran : d\u00e9mant\u00e8lement d'un r\u00e9seau national de trafic international de v\u00e9hicules\"><\/div>\n<div class=\"K2FeedIntroText\">\n<p><strong>ORAN- Les services de la S\u00fbret\u00e9 de wilaya d&rsquo;Oran ont d\u00e9mantel\u00e9 un r\u00e9seau national sp\u00e9cialis\u00e9 dans le trafic international de v\u00e9hicules et r\u00e9cup\u00e9r\u00e9 16 v\u00e9hicules, a-t-on appris mercredi de ce corps de\u00a0s\u00e9curit\u00e9.<\/strong><\/p>\n<\/div>\n<div class=\"K2FeedFullText\">\n<p>La 2\u00e8me brigade de recherche et d&rsquo;intervention de la police judiciaire a d\u00e9mantel\u00e9 ce r\u00e9seau national criminel, compos\u00e9 de neuf individus, \u00e2g\u00e9s entre 30 et 54 ans, impliqu\u00e9s dans ce trafic international de v\u00e9hicules, la falsification de documents administratifs, introduction de fausses informations au niveau du r\u00e9seau national des cartes grises, atteinte au traitement automatique des donn\u00e9es et abus de pouvoir.<\/p>\n<p>Cette op\u00e9ration a permis la saisie de 16 v\u00e9hicules de diff\u00e9rentes marques ayant fait l&rsquo;objet de falsifications, a-t-on ajout\u00e9.<\/p>\n<p>La brigade a entam\u00e9 ses investigations suite \u00e0 des informations faisant \u00e9tat de la pr\u00e9sence d&rsquo;une bande criminelle organis\u00e9e sp\u00e9cialis\u00e9e dans le trafic international de v\u00e9hicules.<\/p>\n<p>Les enqu\u00eateurs, apr\u00e8s l&rsquo;extension de leur comp\u00e9tence territoriale \u00e0 d&rsquo;autres wilaya, ont r\u00e9ussi \u00e0 arr\u00eater les mis en cause et r\u00e9cup\u00e9rer les 16 v\u00e9hicules au niveau de plusieurs wilayas du pays.<\/p>\n<p>Une proc\u00e9dure judiciaire a \u00e9t\u00e9 engag\u00e9e contre les mis en cause qui seront pr\u00e9sent\u00e9s devant la justice, a-t-on pr\u00e9cis\u00e9.<\/p>\n<p>\u00a0<\/p>\n<\/div>\n<\/div>\n<p>Auteur:<br \/>\n<a href=\"http:\/\/www.aps.dz\/regions\/92071-oran-demantelement-d-un-reseau-national-de-trafic-international-de-vehicules\">Cliquez ici pour lire l&rsquo;article depuis sa source.<\/a><\/p>\n","protected":false},"excerpt":{"rendered":"<p>ORAN- Les services de la S\u00fbret\u00e9 de wilaya d&rsquo;Oran ont d\u00e9mantel\u00e9 un r\u00e9seau national sp\u00e9cialis\u00e9 dans le trafic international de v\u00e9hicules et r\u00e9cup\u00e9r\u00e9 16 v\u00e9hicules, a-t-on appris mercredi de ce corps de\u00a0s\u00e9curit\u00e9. La 2\u00e8me brigade de recherche et d&rsquo;intervention de la police judiciaire a d\u00e9mantel\u00e9 ce r\u00e9seau national criminel, compos\u00e9 de neuf individus, \u00e2g\u00e9s entre [&hellip;]<\/p>\n","protected":false},"author":1790,"featured_media":46829,"comment_status":"closed","ping_status":"closed","sticky":false,"template":"","format":"standard","meta":{"fifu_image_url":"","fifu_image_alt":"","footnotes":""},"categories":[53,76],"tags":[],"class_list":["post-46828","post","type-post","status-publish","format-standard","has-post-thumbnail","hentry","category-algerie","category-regions"],"_links":{"self":[{"href":"https:\/\/linitiative.ca\/International\/wp-json\/wp\/v2\/posts\/46828","targetHints":{"allow":["GET"]}}],"collection":[{"href":"https:\/\/linitiative.ca\/International\/wp-json\/wp\/v2\/posts"}],"about":[{"href":"https:\/\/linitiative.ca\/International\/wp-json\/wp\/v2\/types\/post"}],"author":[{"embeddable":true,"href":"https:\/\/linitiative.ca\/International\/wp-json\/wp\/v2\/users\/1790"}],"replies":[{"embeddable":true,"href":"https:\/\/linitiative.ca\/International\/wp-json\/wp\/v2\/comments?post=46828"}],"version-history":[{"count":0,"href":"https:\/\/linitiative.ca\/International\/wp-json\/wp\/v2\/posts\/46828\/revisions"}],"wp:featuredmedia":[{"embeddable":true,"href":"https:\/\/linitiative.ca\/International\/wp-json\/"}],"wp:attachment":[{"href":"https:\/\/linitiative.ca\/International\/wp-json\/wp\/v2\/media?parent=46828"}],"wp:term":[{"taxonomy":"category","embeddable":true,"href":"https:\/\/linitiative.ca\/International\/wp-json\/wp\/v2\/categories?post=46828"},{"taxonomy":"post_tag","embeddable":true,"href":"https:\/\/linitiative.ca\/International\/wp-json\/wp\/v2\/tags?post=46828"}],"curies":[{"name":"wp","href":"https:\/\/api.w.org\/{rel}","templated":true}]}}