{"id":46830,"date":"2019-07-17T11:35:53","date_gmt":"2019-07-17T15:35:53","guid":{"rendered":"https:\/\/linitiative.ca\/International\/hadj-2019-le-1er-contingent-de-pelerins-du-sud-sest-envole-vers-les-lieux-saints\/"},"modified":"2019-07-17T11:35:53","modified_gmt":"2019-07-17T15:35:53","slug":"hadj-2019-le-1er-contingent-de-pelerins-du-sud-sest-envole-vers-les-lieux-saints","status":"publish","type":"post","link":"https:\/\/linitiative.ca\/International\/hadj-2019-le-1er-contingent-de-pelerins-du-sud-sest-envole-vers-les-lieux-saints\/","title":{"rendered":"Hadj 2019: le 1er contingent de p\u00e8lerins du Sud s&rsquo;est envol\u00e9 vers les Lieux saints"},"content":{"rendered":"<div>\n<div class=\"K2FeedImage\"><img decoding=\"async\" src=\"http:\/\/www.aps.dz\/media\/k2\/items\/cache\/2c9289686488ef32a3d54cce03b51ce7_S.jpg\" alt=\"Hadj 2019: le 1er contingent de p\u00e8lerins du Sud s'est envol\u00e9 vers les Lieux saints\"><\/div>\n<div class=\"K2FeedIntroText\">\n<p><strong>OUARGLA &#8211; Le premier contingent de p\u00e8lerins issus des wilayas du Sud-est du pays s&rsquo;est envol\u00e9 mercredi depuis l&rsquo;a\u00e9roport \u00a0\u00bbAin El-Beida\u00a0\u00bb d&rsquo;Ouargla vers les Lieux saints de l&rsquo;Islam (Arabie-Saoudite).<\/strong><\/p>\n<\/div>\n<div class=\"K2FeedFullText\">\n<p>Compos\u00e9 de 295 personnes, ce premier contingent de p\u00e8lerins des wilayas d&rsquo;Ouargla et El-Oued a \u00e9t\u00e9 salu\u00e9 \u00e0 son d\u00e9part par leurs proches et les autorit\u00e9s de la wilaya, apr\u00e8s avoir accompli les proc\u00e9dures de voyage d&rsquo;usage, avant d&#8217;embarquer sur un appareil de la compagnie a\u00e9rienne saoudienne \u00e0 destination de M\u00e9dine.<\/p>\n<p>Dix vols au total sont programm\u00e9s pour le transport de quelques 3.000 p\u00e8lerins des wilayas du Sud-est (Ouargla, Gharda\u00efa, El-Oued, Illizi et Tamanrasset), \u00e0 raison de 300 passagers en moyenne par vol, selon les responsables de la direction r\u00e9gionale d&rsquo;Air-Alg\u00e9rie \u00e0 Ouargla.<\/p>\n<hr>\n<h3>Lire aussi:\u00a0<a href=\"http:\/\/www.aps.dz\/societe\/91988-le-premier-groupe-de-pelerins-quitte-alger-en-direction-de-medine\" target=\"_blank\" rel=\"noopener noreferrer\">Le premier groupe de p\u00e8lerins quitte Alger en direction de M\u00e9dine<\/a><\/h3>\n<hr>\n<p>Ils sont r\u00e9partis \u00e9quitablement entre le transporteur national (5 vols \u00e0 bord d&rsquo;appareils Airbus) et la compagnie a\u00e9rienne saoudienne (5 vols), sur la p\u00e9riode allant du 17 juillet au 2 ao\u00fbt prochains, sachant que 6 vols rallieront l&rsquo;a\u00e9roport de M\u00e9dine et les quatre autres celui de Djeddah, a-t-on pr\u00e9cis\u00e9.<\/p>\n<hr>\n<h3 class=\"catItemTitle\"><a href=\"http:\/\/www.aps.dz\/societe\/92082-hadj-2019-creation-d-un-comite-de-suivi-et-d-une-cellule-d-ecoute\">Hadj 2019: cr\u00e9ation d&rsquo;un comit\u00e9 de suivi et d&rsquo;une cellule d&rsquo;\u00e9coute\u00a0<\/a><\/h3>\n<hr>\n<p>Les vols du retour auront lieu entre le 17 ao\u00fbt et le 4 septembre prochains, a ajout\u00e9 la source, rappelant que pour cette saison du Hadj (2019), outre d&rsquo;Office national du p\u00e8lerinage et de la Omra (ONPO), deux agences de voyage priv\u00e9es ont \u00e9t\u00e9 agr\u00e9\u00e9es au Sud pour assurer la prise en charge de p\u00e8lerins.<\/p>\n<p>Les directions de wilayas des Affaires religieuses et des Wakfs ont organis\u00e9, pour leur part, des campagnes de sensibilisation en direction des p\u00e8lerins sur les modes d&rsquo;accomplissement des rituels du cinqui\u00e8me pilier de l&rsquo;Islam (Hadj).<\/p>\n<\/div>\n<\/div>\n<p>Auteur:<br \/>\n<a href=\"http:\/\/www.aps.dz\/regions\/92081-hadj-2019-le-1er-contingent-de-pelerins-du-sud-s-est-envole-vers-les-lieux-saints\">Cliquez ici pour lire l&rsquo;article depuis sa source.<\/a><\/p>\n","protected":false},"excerpt":{"rendered":"<p>OUARGLA &#8211; Le premier contingent de p\u00e8lerins issus des wilayas du Sud-est du pays s&rsquo;est envol\u00e9 mercredi depuis l&rsquo;a\u00e9roport \u00a0\u00bbAin El-Beida\u00a0\u00bb d&rsquo;Ouargla vers les Lieux saints de l&rsquo;Islam (Arabie-Saoudite). Compos\u00e9 de 295 personnes, ce premier contingent de p\u00e8lerins des wilayas d&rsquo;Ouargla et El-Oued a \u00e9t\u00e9 salu\u00e9 \u00e0 son d\u00e9part par leurs proches et les autorit\u00e9s [&hellip;]<\/p>\n","protected":false},"author":1790,"featured_media":46831,"comment_status":"closed","ping_status":"closed","sticky":false,"template":"","format":"standard","meta":{"fifu_image_url":"","fifu_image_alt":"","footnotes":""},"categories":[53,76],"tags":[],"class_list":["post-46830","post","type-post","status-publish","format-standard","has-post-thumbnail","hentry","category-algerie","category-regions"],"_links":{"self":[{"href":"https:\/\/linitiative.ca\/International\/wp-json\/wp\/v2\/posts\/46830","targetHints":{"allow":["GET"]}}],"collection":[{"href":"https:\/\/linitiative.ca\/International\/wp-json\/wp\/v2\/posts"}],"about":[{"href":"https:\/\/linitiative.ca\/International\/wp-json\/wp\/v2\/types\/post"}],"author":[{"embeddable":true,"href":"https:\/\/linitiative.ca\/International\/wp-json\/wp\/v2\/users\/1790"}],"replies":[{"embeddable":true,"href":"https:\/\/linitiative.ca\/International\/wp-json\/wp\/v2\/comments?post=46830"}],"version-history":[{"count":0,"href":"https:\/\/linitiative.ca\/International\/wp-json\/wp\/v2\/posts\/46830\/revisions"}],"wp:featuredmedia":[{"embeddable":true,"href":"https:\/\/linitiative.ca\/International\/wp-json\/"}],"wp:attachment":[{"href":"https:\/\/linitiative.ca\/International\/wp-json\/wp\/v2\/media?parent=46830"}],"wp:term":[{"taxonomy":"category","embeddable":true,"href":"https:\/\/linitiative.ca\/International\/wp-json\/wp\/v2\/categories?post=46830"},{"taxonomy":"post_tag","embeddable":true,"href":"https:\/\/linitiative.ca\/International\/wp-json\/wp\/v2\/tags?post=46830"}],"curies":[{"name":"wp","href":"https:\/\/api.w.org\/{rel}","templated":true}]}}