{"id":46834,"date":"2019-07-17T09:00:25","date_gmt":"2019-07-17T13:00:25","guid":{"rendered":"https:\/\/linitiative.ca\/International\/fes-meknes-sauvegarde-de-la-plaine-de-saiss-voila-comment-le-projet-chamboulera-lagriculture-des-2021-de-notre-correspondant-permanent-youness-saad-alami\/"},"modified":"2019-07-17T09:00:25","modified_gmt":"2019-07-17T13:00:25","slug":"fes-meknes-sauvegarde-de-la-plaine-de-saiss-voila-comment-le-projet-chamboulera-lagriculture-des-2021-de-notre-correspondant-permanent-youness-saad-alami","status":"publish","type":"post","link":"https:\/\/linitiative.ca\/International\/fes-meknes-sauvegarde-de-la-plaine-de-saiss-voila-comment-le-projet-chamboulera-lagriculture-des-2021-de-notre-correspondant-permanent-youness-saad-alami\/","title":{"rendered":"F\u00e8s-Mekn\u00e8s-Sauvegarde de la plaine de Sa\u00efss: Voil\u00e0 comment le projet chamboulera l\u2019agriculture\u2026 d\u00e8s 2021-De notre correspondant permanent, Youness SAAD ALAMI"},"content":{"rendered":"<div readability=\"38\">\n<p>Transfert d\u2019eau, \u00e9quipement en goutte-\u00e0-goutte\u2026 du g\u00e9nie civil 100% marocain<\/p>\n<p>300 personnes d\u00e9ploy\u00e9es dans un chantier de 5,8 milliards de DH<\/p>\n<p>350.000 b\u00e9n\u00e9ficiaires et 7.334 exploitations concern\u00e9es<\/p>\n<\/div>\n<div readability=\"124.5\">\n<div class=\"dnd-atom-wrapper type-image context-sdl_editor_representation\" contenteditable=\"false\" readability=\"38\">\n<div class=\"dnd-drop-wrapper image\"><img loading=\"lazy\" decoding=\"async\" typeof=\"foaf:Image\" class=\"img-responsive\" src=\"https:\/\/leconomiste.com\/sites\/default\/files\/eco7\/public\/thumbnails\/image\/akhannouch_5557.jpg\" width=\"660\" height=\"330\" alt=\"akhannouch_5557.jpg\" title=\"akhannouch_5557.jpg\"\/><\/div>\n<p>Sensibiliser, p\u00e9renniser et m\u00e9tamorphoser\u2026 sont les ma\u00eetres-mots du projet de sauvegarde de la plaine de Sa\u00efss. \u00abNotre objectif est d\u2019am\u00e9liorer la valeur ajout\u00e9e agricole en la portant \u00e0 52.000 DH\/ha \u00e0 court terme contre 38.000 DH actuellement\u00bb, explique Aziz Akhannouch, ministre de l\u2019Agriculture (Ph YSA)<\/p>\n<\/div>\n<p class=\"rtejustify\"><em>FES-MEKNES est une r\u00e9gion agricole qui a de l\u2019avenir et du potentiel. C\u2019est en gros ce qui ressort de la journ\u00e9e d\u2019information sur le projet d\u2019am\u00e9nagement hydroagricole pour la sauvegarde de la plaine de Sa\u00efss. Organis\u00e9e, samedi dernier \u00e0 F\u00e8s, sous la pr\u00e9sidence de Aziz Akhannouch, cette rencontre \u00e9tait l\u2019occasion pour le ministre de l\u2019Agriculture de rappeler l\u2019int\u00e9r\u00eat d\u2019un chantier gigantesque men\u00e9 dans cette r\u00e9gion. Lanc\u00e9 par le Roi en 2015, ce projet sera fin pr\u00eat fin 2021. D\u00e9cryptage.<\/em><\/p>\n<p class=\"rtejustify\"><em><strong>&#8211;\u00a0Un projet \u00abtitanesque\u00bb\u00a0au profit de 350.000\u00a0b\u00e9n\u00e9ficiaires<\/strong><\/em><\/p>\n<p class=\"rtejustify\">Satisfecit g\u00e9n\u00e9ral pour Akhannouch lors de sa visite, constatant que \u00ables travaux d\u2019am\u00e9nagement du projet hydroagricole pour la sauvegarde de la plaine de Sa\u00efss vont bon train\u00bb. Concr\u00e8tement, ce chantier titanesque profitera \u00e0 quelque 7.334 exploitations agricoles, soit 350.000 personnes. Il s&rsquo;agit de la sauvegarde de 30.000 ha des terres irrigu\u00e9es dans la plaine du Sa\u00efss, la pr\u00e9servation de 4 milliards de DH d\u2019investissement priv\u00e9, l\u2019augmentation de 60% des revenus de plus de 7.000 agriculteurs, ainsi que la cr\u00e9ation de quelque 3.000 emplois. De plus, les atouts agricoles de cette plaine sont nombreux \u00e0 savoir, ses terres fertiles \u00e0 fort potentiel de production estim\u00e9 \u00e0 plus de 300.000 ha, dont plus de 60.000 ha irrigu\u00e9s\u00bb. La pr\u00e9servation des ressources hydriques est primordiale pour assurer la p\u00e9rennit\u00e9 d\u2019une agriculture responsable. Ce projet rev\u00eat, selon Akhannouch, des dimensions environnementale, \u00e9conomique et sociale. Le ministre insiste, \u00e0 ce propos, sur la sensibilisation des agriculteurs \u00ab\u00e0 la n\u00e9cessit\u00e9 d\u2019adh\u00e9rer \u00e0 l\u2019op\u00e9ration de souscription\u00bb. A rappeler que la plaine de Sa\u00efss contribue avec une part importante \u00e0 la production agricole r\u00e9gionale, \u00e0 travers ses arbres fruitiers et ses oliviers.<br \/>\u00a0<br \/><em><strong>&#8211; M\u00e9tamorphoser\u00a0l\u2019agriculture dans le p\u00e9rim\u00e8tre irrigu\u00e9<\/strong><\/em><\/p>\n<p class=\"rtejustify\">Mis en \u0153uvre par un collectif de 8 champions nationaux du g\u00e9nie rural et travaux publics (STAM, Capep, SGTM, SNCE, Sogea Maroc, SNTM, Sotradema, Sogetrama) sous supervision d\u2019une cellule du minist\u00e8re d\u2019Agriculture cr\u00e9\u00e9e sp\u00e9cialement pour la dur\u00e9e de r\u00e9alisation du projet, ce chantier devra m\u00e9tamorphoser la r\u00e9gion et am\u00e9liorer les conditions de vie des agriculteurs et leurs revenus, ainsi que leur productivit\u00e9. D\u2019un investissement global de 5,8 milliards de DH, ce projet vise le transfert des eaux des sources de Sebou vers la plaine du Sa\u00efss. Une solution idoine\u00a0 si l\u2019on sait que cette plaine est menac\u00e9e par une carence d\u2019eau souterraine qui subit une surexploitation et accuse un d\u00e9ficit annuel de 100 millions de m3. Avec l\u2019av\u00e8nement du barrage Mdez, l\u2019unique solution est de drainer plus de 125 millions m3 pour sauvegarder les investissements existants et valoriser d\u2019autres cultures, principale source de revenu des agriculteurs. Cette solution est bas\u00e9e sur l\u2019irrigation \u00e0 partir des puits et forages individuels. En revanche, elle ne touchera pas \u00e0 la nappe phr\u00e9atique profonde qui est r\u00e9serv\u00e9e \u00e0 l\u2019eau potable pour les populations.<\/p>\n<p class=\"rtejustify\"><strong>&#8211; <em>Les projets agricoles\u00a0ont le vent en poupe<\/em><\/strong><\/p>\n<p class=\"rtejustify\">\u00abAvec les projets du plan Maroc Vert, la r\u00e9gion F\u00e8s-Mekn\u00e8s a connu une v\u00e9ritable explosion des diff\u00e9rentes cultures mais aussi de l\u2019\u00e9levage des bovins\u00bb, atteste Rachid Benali, pr\u00e9sident de l\u2019Interprolive et membre du Conseil de la Concurrence. Ainsi, ajoute-t-il, dans l\u2019objectif de durabilit\u00e9, \u00abla pr\u00e9servation des eaux souterraines de la nappe de Sa\u00efss s\u2019av\u00e8re n\u00e9cessaire\u00bb. D\u2019o\u00f9 l\u2019int\u00e9r\u00eat du Projet d\u2019am\u00e9nagement hydro-agricole pour la sauvegarde de la plaine du Sa\u00efss. Projet qui consiste en la construction d\u2019une infrastructure de transfert d\u2019eau de la rivi\u00e8re de M\u2019Dez \u00e0 la plaine de Sa\u00efss. Ce transfert se fera \u00e0 partir d\u2019une prise agricole implant\u00e9e en rive droite compos\u00e9e d\u2019un ouvrage d\u2019entonnement, une galerie de transport et d\u2019une chambre de contr\u00f4le sous format de puits. Cette prise est aras\u00e9e \u00e0 la c\u00f4te sur 760 m. La charge d\u2019eau disponible permettra de r\u00e9aliser une adduction gravitaire et d\u2019alimenter sans recours au pompage une superficie non n\u00e9gligeable avec la pression requise pour l\u2019irrigation localis\u00e9e.<br \/>L\u2019adducteur principal (65 km dont 5 de galeries) est constitu\u00e9 de conduites en acier prot\u00e9g\u00e9es contre la corrosion. D\u2019un diam\u00e8tre de 3,5 m\u00e8tres, la longueur des conduites varie entre 6 et 14 m\u00e8tres. Au total, il faudrait 5.000 conduites dont 1.500 ont d\u00e9j\u00e0 \u00e9t\u00e9 import\u00e9es pour la premi\u00e8re phase (17 km). Elles sont pos\u00e9es dans une tranch\u00e9e de 4 m de largeur et de 4 \u00e0 8 m de profondeur ou log\u00e9es dans des galeries de 4,5 m d\u2019ouverture et enrob\u00e9e en b\u00e9ton.\u00a0<\/p>\n<div class=\"dnd-atom-wrapper type-image context-sdl_editor_representation\" contenteditable=\"false\" readability=\"37\">\n<div class=\"dnd-drop-wrapper image\"><img loading=\"lazy\" decoding=\"async\" typeof=\"foaf:Image\" class=\"img-responsive\" src=\"https:\/\/leconomiste.com\/sites\/default\/files\/eco7\/public\/thumbnails\/image\/agriculture_fes_meknes_5557.jpg\" width=\"660\" height=\"330\" alt=\"agriculture_fes_meknes_5557.jpg\" title=\"agriculture_fes_meknes_5557.jpg\"\/><\/div>\n<p>L\u2019Etat finance la r\u00e9alisation des ouvrages principaux d\u2019adduction d\u2019eau. Il s\u2019agit de l\u2019ouvrage de prise (55 km) \u00e0 partir du barrage M\u2019Dez, des galeries d\u2019adduction (5km) y compris les pistes de servitude et des \u00e9quipements de brise-charge, de pr\u00e9-filtration et de travers\u00e9es\u2026 Un chantier titanesque est men\u00e9 aux environs de la localit\u00e9 de Tazota (province de Sefrou) (Ph YSA)<\/p>\n<\/div>\n<p class=\"rtejustify\"><em><strong>&#8211; F\u00e8s, Mekn\u00e8s, Moulay Yacoub, El Hajeb\u2026\u00a0des zones prioritaires\u00a0<\/strong><\/em><\/p>\n<div class=\"dnd-atom-wrapper type-image context-sdl_editor_representation\" contenteditable=\"false\">\n<div class=\"dnd-drop-wrapper image\"><img loading=\"lazy\" decoding=\"async\" typeof=\"foaf:Image\" class=\"img-responsive\" src=\"https:\/\/leconomiste.com\/sites\/default\/files\/eco7\/public\/thumbnails\/image\/fes_meknes_el_hajeb_5557.jpg\" width=\"660\" height=\"330\" alt=\"fes_meknes_el_hajeb_5557.jpg\" title=\"fes_meknes_el_hajeb_5557.jpg\"\/><\/div>\n<p>(Ph YSA)<\/p>\n<\/div>\n<p class=\"rtejustify\">Lanc\u00e9 par le Souverain en 2015, l\u2019am\u00e9nagement des nouvelles infrastructures hydroagricoles de la plaine de Sa\u00efss profitera aux pr\u00e9fectures de F\u00e8s et Mekn\u00e8s et aux provinces de Moulay Yaacoub et El Hajeb, outre 22 communes territoriales. Il devrait \u00eatre finalis\u00e9 vers fin 2021 en m\u00eame temps que le barrage M\u2019Dez. En attendant, un chantier de fourmis est men\u00e9 gr\u00e2ce au g\u00e9nie civil 100% marocain. La r\u00e9alisation des installations de la plaine de Sa\u00efss est suivie par deux bureaux d\u2019\u00e9tude et un laboratoire de contr\u00f4le. Au total, 300 personnes sur le chantier dont 31 ing\u00e9nieurs et 39 techniciens. Le reste se compose du personnel d\u2019appui administratif et de main d\u2019\u0153uvre sp\u00e9cialis\u00e9e et non sp\u00e9cialis\u00e9e. Ces ouvriers ont \u00e9t\u00e9 recrut\u00e9s localement. Auparavant, il a \u00e9t\u00e9 proc\u00e9d\u00e9 \u00e0 l\u2019am\u00e9nagement de pistes d\u2019acc\u00e8s et travers\u00e9es des oueds. Et c\u2019est le minist\u00e8re de l\u2019Agriculture qui a pris \u00e0 sa charge la r\u00e9alisation de 27 km de route et la construction de deux ponts. Au-del\u00e0 des moyens mis en \u0153uvre, le ministre de l\u2019Agriculture insiste sur \u00abla valorisation au mieux de la ressource hydrique via des cultures \u00e0 forte valeur ajout\u00e9e\u00bb. L\u2019ambition est de pr\u00e9lever 125 millions de m\u00e8tres cubes d\u2019eau du barrage, actuellement en cours de construction, et r\u00e9gulariser ce volume par l\u2019irrigation localis\u00e9e au niveau des exploitations cibl\u00e9es. \u00abCar l\u2019objectif est d\u2019am\u00e9liorer la valeur ajout\u00e9e agricole en la portant \u00e0 52.000 DH\/ha \u00e0 court terme contre 38.000 DH actuellement\u00bb, conclut Akhannouch.\u00a0<\/p>\n<p class=\"rtejustify\">\u00a0<\/p>\n<\/div>\n<p>Auteur: mbasraoui<br \/>\n<a href=\"https:\/\/www.leconomiste.com\/article\/1047878-fes-meknes-sauvegarde-de-la-plaine-de-saiss-voila-comment-le-projet-chamboulera-l\">Cliquez ici pour lire l&rsquo;article depuis sa source.<\/a><\/p>\n","protected":false},"excerpt":{"rendered":"<p>Transfert d\u2019eau, \u00e9quipement en goutte-\u00e0-goutte\u2026 du g\u00e9nie civil 100% marocain 300 personnes d\u00e9ploy\u00e9es dans un chantier de 5,8 milliards de DH 350.000 b\u00e9n\u00e9ficiaires et 7.334 exploitations concern\u00e9es Sensibiliser, p\u00e9renniser et m\u00e9tamorphoser\u2026 sont les ma\u00eetres-mots du projet de sauvegarde de la plaine de Sa\u00efss. \u00abNotre objectif est d\u2019am\u00e9liorer la valeur ajout\u00e9e agricole en la portant \u00e0 [&hellip;]<\/p>\n","protected":false},"author":1763,"featured_media":46835,"comment_status":"closed","ping_status":"closed","sticky":false,"template":"","format":"standard","meta":{"fifu_image_url":"","fifu_image_alt":"","footnotes":""},"categories":[78,54],"tags":[],"class_list":["post-46834","post","type-post","status-publish","format-standard","has-post-thumbnail","hentry","category-economie","category-maroc"],"_links":{"self":[{"href":"https:\/\/linitiative.ca\/International\/wp-json\/wp\/v2\/posts\/46834","targetHints":{"allow":["GET"]}}],"collection":[{"href":"https:\/\/linitiative.ca\/International\/wp-json\/wp\/v2\/posts"}],"about":[{"href":"https:\/\/linitiative.ca\/International\/wp-json\/wp\/v2\/types\/post"}],"author":[{"embeddable":true,"href":"https:\/\/linitiative.ca\/International\/wp-json\/wp\/v2\/users\/1763"}],"replies":[{"embeddable":true,"href":"https:\/\/linitiative.ca\/International\/wp-json\/wp\/v2\/comments?post=46834"}],"version-history":[{"count":0,"href":"https:\/\/linitiative.ca\/International\/wp-json\/wp\/v2\/posts\/46834\/revisions"}],"wp:featuredmedia":[{"embeddable":true,"href":"https:\/\/linitiative.ca\/International\/wp-json\/"}],"wp:attachment":[{"href":"https:\/\/linitiative.ca\/International\/wp-json\/wp\/v2\/media?parent=46834"}],"wp:term":[{"taxonomy":"category","embeddable":true,"href":"https:\/\/linitiative.ca\/International\/wp-json\/wp\/v2\/categories?post=46834"},{"taxonomy":"post_tag","embeddable":true,"href":"https:\/\/linitiative.ca\/International\/wp-json\/wp\/v2\/tags?post=46834"}],"curies":[{"name":"wp","href":"https:\/\/api.w.org\/{rel}","templated":true}]}}