{"id":46836,"date":"2019-07-17T09:30:01","date_gmt":"2019-07-17T13:30:01","guid":{"rendered":"https:\/\/linitiative.ca\/International\/une-saga-nommee-megri\/"},"modified":"2019-07-17T09:30:01","modified_gmt":"2019-07-17T13:30:01","slug":"une-saga-nommee-megri","status":"publish","type":"post","link":"https:\/\/linitiative.ca\/International\/une-saga-nommee-megri\/","title":{"rendered":"Une saga nomm\u00e9e \u00abMegri\u00bb"},"content":{"rendered":"<div readability=\"34\">\n<p>D\u00e9c\u00e8s de Hassan Megri dimanche 14 juillet<\/p>\n<p>Une musique qui a r\u00e9uni le Maghreb<\/p>\n<\/div>\n<div readability=\"101\">\n<div class=\"dnd-atom-wrapper type-image context-sdl_editor_representation\" contenteditable=\"false\" readability=\"33.5\">\n<div class=\"dnd-drop-wrapper image\"><img loading=\"lazy\" decoding=\"async\" typeof=\"foaf:Image\" class=\"img-responsive\" src=\"https:\/\/www.leconomiste.com\/sites\/default\/files\/eco7\/public\/thumbnails\/image\/megri_5557.jpg\" width=\"660\" height=\"330\" alt=\"megri_5557.jpg\" title=\"megri_5557.jpg\"\/><\/div>\n<div class=\"dnd-legend-wrapper\" contenteditable=\"true\" readability=\"12\">\n<p>L\u2019aventure commence en 1957 avec la naissance du premier duo des fr\u00e8res Megri: Hassan et Mahmoud. 1960 voit la cr\u00e9ation officielle du groupe \u00abMegri\u00bb, qui int\u00e8gre la s\u0153ur Jalila, surnomm\u00e9e alors la \u00abFairouz du Maghreb\u00bb, que rejoindra plus tard le benjamin Younes (Ph. DR)<\/p>\n<\/div>\n<\/div>\n<p class=\"rtejustify\">Il y a eu \u00abYa mraya\u00bb, \u00abHouria\u00bb, \u00abDam didam dam\u00bb et surtout, surtout, \u00abLili Touyl\u00bb, une chanson qui r\u00e9unira tous les jeunes du Maroc, d\u2019Alg\u00e9rie et de Tunisie avant d\u2019aller \u00e0 la conqu\u00eate des pays arabes. Nous sommes au milieu des ann\u00e9es 60. Un quatuor marocain, originaire de la ville d\u2019Oujda et fraichement install\u00e9 dans la capitale, vient d\u2019inventer un nouveau genre de musique typiquement maghr\u00e9bine, moderne et surtout bien en avance par rapport \u00e0 leur \u00e9poque. Coinc\u00e9s entre l\u2019h\u00e9g\u00e9monie de la musique \u00e9gyptienne et la chanson occidentale, les Megri ont su puiser dans le r\u00e9pertoire de la r\u00e9gion, entre melhoun, gharnati, chaabi\u2026 pour trouver une place particuli\u00e8re dans le grand concert de la World-music de l\u2019\u00e9poque. Une certaine pop-romantique encore tout \u00e0 fait d\u2019actualit\u00e9, n\u2019ayant pris aucune ride, encore aujourd\u2019hui.\u00a0<br \/>L\u2019histoire commence avec Hassan Megri, disparu ce dimanche 14 juillet. Artiste complet, ayant re\u00e7u en 1954, le prix d\u2019Arts Plastiques \u00e0 l\u2019\u00e9chelle de toute l\u2019Afrique, il \u00e9tait \u00e0 la fois auteur, compositeur, interpr\u00e8te, artiste peintre et chercheur assidu dans la calligraphie iconographique persane. En 1957, intervient la naissance du premier duo des fr\u00e8res Megri: Hassan et Mahmoud, qui entame d\u00e9j\u00e0, avec succ\u00e8s, une tourn\u00e9e marocaine (Rabat, Casablanca, Kenitra, F\u00e8s, Mekn\u00e8s, etc&#8230;.). 1960 voit la cr\u00e9ation officielle du \u00abMegri\u00bb, qui int\u00e8gre la s\u0153ur Jalila, surnomm\u00e9e alors la \u00abFairouz du Maghreb\u00bb, que rejoindra plus tard le benjamin Younes. Plus qu\u2019un groupe, c\u2019est un v\u00e9ritable mouvement, incarnant une jeunesse \u00e9mancip\u00e9e, mais attach\u00e9e \u00e0 ses racines arabes, que va cr\u00e9er la famille Megri, avec Hassan \u00e0 leur t\u00eate. Apr\u00e8s le Maghreb, le groupe va sillonner la r\u00e9gion, de concert en recherche musicale, (Egypte \u2013Liban -Syrie \u2013 Irak\u2026), avant d\u2019entamer un voyage vers l\u2019Asie mineure de l\u2019Iran au Pakistan en passant par l\u2019Afghanistan. En Europe, la cons\u00e9cration arrive \u00e0 Paris en 1976, lors d\u2019un concert m\u00e9morable dans la mythique salle de l\u2019Olympia. Une performance qui leur a valu la signature d\u2019un contrat avec la maison Philips pour l\u2019enregistrement d\u2019un 45 et 33 tours, avec l\u2019orchestre de Charles Aznavour, des arrangements musicaux de Jacques Hendrix. \u00abLilli Touil\u00bb, \u00abSabar\u00bb et \u00abHey di dam dam\u00bb, sortis en 45 tours en 1975, (une coproduction entre la maison Philips et Polydor) leur valent un \u00abDisque d\u2019Or\u00bb. Le groupe re\u00e7oit \u00e9galement en 2003, le \u00abRabab d\u2019Or\u00bb (octroy\u00e9 aux grandes stars du monde arabe, sous le parrainage du Conseil international de musique de l\u2019UNESCO).\u00a0<br \/>Hassan Megri, pour sa part avait \u00e9galement \u00e9t\u00e9 distingu\u00e9 \u00e0 plusieurs titres, notamment \u00abthe world medal of freedom\u00bb octroy\u00e9 par \u00abthe american biographical institute\u00bb, ou encore la M\u00e9daille d\u2019Or d\u00e9cern\u00e9e par l\u2019Acad\u00e9mie \u00abArts-Sciences-Lettres\u00bb de Paris. Aujourd\u2019hui encore, la musique des \u00abMegri\u00bb \u00e9voque, surtout aupr\u00e8s des quadra-quinquag\u00e9naires, une indicible \u00e9motion doubl\u00e9e d\u2019une intense nostalgie. Mais au-del\u00e0 de cet \u00e9moi, c\u2019est un v\u00e9ritable exploit que la famille Megri a r\u00e9ussi par la musique, l\u00e0 o\u00f9 beaucoup de politiques ont \u00e9chou\u00e9. R\u00e9unir d\u2019une seule voix les peuples du Maghreb comme le d\u00e9montre les nombreux t\u00e9moignages d\u2019anonymes, du Maroc, d\u2019Alg\u00e9rie ou de Tunisie, sur les r\u00e9seaux sociaux \u00e0 l\u2019\u00e9coute de \u00abLilli Touil\u00bb: \u00abSublime et fabuleuse chanson qui a berc\u00e9 notre jeunesse. J\u2019ai la gorge nou\u00e9e par la nostalgie. Quel monde nous avons perdu!\u00bb, \u00abCa me rappelle quand j\u2019avais 18 ans cheveux longs; pantalon \u00e9l\u00e9phant, chaussures doubles, fi\u00e8re de moi-m\u00eame. Je me souviens de mes s\u00e9jours \u00e0 Oujda. Un grand bonjour \u00e0 tous mes fr\u00e8res marocains un jour. Dieu nous r\u00e9unira inchallah\u00bb ou encore ce message d\u2019un anglo-tunisien \u00abJe n\u2019ai pas \u00e9cout\u00e9 cette chanson depuis que j\u2019ai quitt\u00e9 Tunis en 1974 pour l\u2019Angleterre. C\u2019est une chanson sublime qui gardera toujours sa jeunesse et sa beaut\u00e9. Simply timeless!!\u00bb.<\/p>\n<p class=\"rtejustify\">\u00a0<\/p>\n<\/div>\n<p>Auteur: mbasraoui<br \/>\n<a href=\"https:\/\/www.leconomiste.com\/article\/1047882-une-saga-nommee-megri\">Cliquez ici pour lire l&rsquo;article depuis sa source.<\/a><\/p>\n","protected":false},"excerpt":{"rendered":"<p>D\u00e9c\u00e8s de Hassan Megri dimanche 14 juillet Une musique qui a r\u00e9uni le Maghreb L\u2019aventure commence en 1957 avec la naissance du premier duo des fr\u00e8res Megri: Hassan et Mahmoud. 1960 voit la cr\u00e9ation officielle du groupe \u00abMegri\u00bb, qui int\u00e8gre la s\u0153ur Jalila, surnomm\u00e9e alors la \u00abFairouz du Maghreb\u00bb, que rejoindra plus tard le benjamin [&hellip;]<\/p>\n","protected":false},"author":1763,"featured_media":46837,"comment_status":"closed","ping_status":"closed","sticky":false,"template":"","format":"standard","meta":{"fifu_image_url":"","fifu_image_alt":"","footnotes":""},"categories":[78,54],"tags":[],"class_list":["post-46836","post","type-post","status-publish","format-standard","has-post-thumbnail","hentry","category-economie","category-maroc"],"_links":{"self":[{"href":"https:\/\/linitiative.ca\/International\/wp-json\/wp\/v2\/posts\/46836","targetHints":{"allow":["GET"]}}],"collection":[{"href":"https:\/\/linitiative.ca\/International\/wp-json\/wp\/v2\/posts"}],"about":[{"href":"https:\/\/linitiative.ca\/International\/wp-json\/wp\/v2\/types\/post"}],"author":[{"embeddable":true,"href":"https:\/\/linitiative.ca\/International\/wp-json\/wp\/v2\/users\/1763"}],"replies":[{"embeddable":true,"href":"https:\/\/linitiative.ca\/International\/wp-json\/wp\/v2\/comments?post=46836"}],"version-history":[{"count":0,"href":"https:\/\/linitiative.ca\/International\/wp-json\/wp\/v2\/posts\/46836\/revisions"}],"wp:featuredmedia":[{"embeddable":true,"href":"https:\/\/linitiative.ca\/International\/wp-json\/"}],"wp:attachment":[{"href":"https:\/\/linitiative.ca\/International\/wp-json\/wp\/v2\/media?parent=46836"}],"wp:term":[{"taxonomy":"category","embeddable":true,"href":"https:\/\/linitiative.ca\/International\/wp-json\/wp\/v2\/categories?post=46836"},{"taxonomy":"post_tag","embeddable":true,"href":"https:\/\/linitiative.ca\/International\/wp-json\/wp\/v2\/tags?post=46836"}],"curies":[{"name":"wp","href":"https:\/\/api.w.org\/{rel}","templated":true}]}}