{"id":46838,"date":"2019-07-17T10:00:44","date_gmt":"2019-07-17T14:00:44","guid":{"rendered":"https:\/\/linitiative.ca\/International\/maroc-fmi-maintenir-le-cap-en-periode-de-turbulences-par-nicolas-blancher\/"},"modified":"2019-07-17T10:00:44","modified_gmt":"2019-07-17T14:00:44","slug":"maroc-fmi-maintenir-le-cap-en-periode-de-turbulences-par-nicolas-blancher","status":"publish","type":"post","link":"https:\/\/linitiative.ca\/International\/maroc-fmi-maintenir-le-cap-en-periode-de-turbulences-par-nicolas-blancher\/","title":{"rendered":"Maroc\/FMI: Maintenir le cap en p\u00e9riode de turbulences-Par Nicolas Blancher"},"content":{"rendered":"<div readability=\"38\"><img loading=\"lazy\" decoding=\"async\" typeof=\"foaf:Image\" class=\"img-responsive\" src=\"https:\/\/www.leconomiste.com\/sites\/default\/files\/eco7\/public\/nicolas_blancher.jpg\" width=\"259\" height=\"268\" alt=\"\"\/><\/p>\n<p>Nicolas Blancher est chef de mission pour le Maroc au FMI. Il a rejoint le Fonds en 1996. Depuis, il est pass\u00e9 par plusieurs d\u00e9partements de l\u2019institution internationale, dont celui du d\u00e9veloppement et de la r\u00e9vision des politiques. Il a \u00e9galement \u00e9t\u00e9 conseiller au d\u00e9partement des march\u00e9s mon\u00e9taires et de capitaux. Blancher a d\u00e9marr\u00e9 sa carri\u00e8re en 1992 \u00e0 la Soci\u00e9t\u00e9 g\u00e9n\u00e9rale, en tant que charg\u00e9 des analyses et du risque pays des march\u00e9s \u00e9mergents (Ph. Bziouat)<\/p>\n<\/div>\n<div readability=\"109.5\">\n<p class=\"rtejustify\">Les tensions r\u00e9gionales et mondiales n\u2019ont pas dissuad\u00e9 le Maroc de continuer d\u2019op\u00e9rer des r\u00e9formes pour atteindre son objectif \u00e0 long terme d\u2019une croissance plus \u00e9lev\u00e9e et plus inclusive, un objectif que le FMI a soutenu ces derni\u00e8res ann\u00e9es.<br \/>Tout au long de la derni\u00e8re d\u00e9cennie, le Maroc a \u00e9t\u00e9 confront\u00e9 \u00e0 plusieurs d\u00e9fis d\u2019origine ext\u00e9rieure, parmi lesquels la faiblesse de la croissance \u00e9conomique chez ses principaux partenaires commerciaux, les fortes fluctuations des prix internationaux du p\u00e9trole et les tensions g\u00e9opolitiques r\u00e9gionales. En d\u00e9pit de ces difficult\u00e9s, le gouvernement a maintenu le cap et a continu\u00e9 \u00e0 mettre l\u2019accent, non seulement sur la stabilit\u00e9 imm\u00e9diate, mais aussi sur les besoins \u00e0 long terme de l\u2019\u00e9conomie.<br \/>Pendant cette p\u00e9riode de turbulences, plusieurs priorit\u00e9s ont guid\u00e9 le pays vers une plus grande r\u00e9silience \u00e9conomique. Par exemple, les subventions \u00e9nerg\u00e9tiques, qui repr\u00e9sentaient environ 6% du PIB en 2012, constituaient une menace pour les finances publiques. Leur \u00e9limination a permis au Maroc de renforcer les programmes sociaux qui ciblent les populations vuln\u00e9rables. Gr\u00e2ce \u00e0 l\u2019investissement dans l\u2019\u00e9ducation, la sant\u00e9 et d\u2019autres services publics, ainsi qu\u2019\u00e0 l\u2019expansion du syst\u00e8me de protection sociale, la part de la population vivant en-dessous du seuil de pauvret\u00e9 est tomb\u00e9e d\u2019environ 15% en 2000 \u00e0 moins de 5 % aujourd\u2019hui. En fait, la pauvret\u00e9 extr\u00eame a presque \u00e9t\u00e9 \u00e9radiqu\u00e9e. Par ailleurs, un nouveau cadre juridique a renforc\u00e9 le contr\u00f4le des finances publiques et limit\u00e9 le risque d\u2019endettement public excessif, et un plan pr\u00e9voyant la mise en place d\u2019une fiscalit\u00e9 plus \u00e9quitable a \u00e9t\u00e9 arr\u00eat\u00e9 r\u00e9cemment lors des Assises nationales sur la fiscalit\u00e9. Le gouvernement a \u00e9galement adopt\u00e9 des r\u00e9formes importantes au service d\u2019objectifs \u00e9conomiques \u00e0 plus long terme, tels que l\u2019acc\u00e9l\u00e9ration de la croissance, la diversification de l\u2019\u00e9conomie et son int\u00e9gration dans l\u2019\u00e9conomie mondiale. Dans le domaine mon\u00e9taire et financier, la banque centrale a pr\u00e9serv\u00e9 la stabilit\u00e9 financi\u00e8re et favoris\u00e9 l\u2019expansion des banques marocaines sur le continent africain, o\u00f9 elles sont devenues des acteurs importants. Une nouvelle strat\u00e9gie d\u2019inclusion financi\u00e8re a \u00e9t\u00e9 adopt\u00e9e d\u00e9but 2019 pour faciliter un meilleur acc\u00e8s des particuliers et des entreprises marocains aux services financiers.<\/p>\n<p class=\"rtecenter\"><em>\u00abDes efforts suppl\u00e9mentaires sont n\u00e9cessaires<br \/>\u00a0pour r\u00e9duire les in\u00e9galit\u00e9s socio\u00e9conomiques et r\u00e9gionales,\u00a0<br \/>ainsi que le ch\u00f4mage. Par exemple, pr\u00e8s d\u2019un quart des m\u00e9nages ruraux n\u2019ont aucun acc\u00e8s direct\u00a0<br \/>\u00e0 une route et vivent \u00e0 plus de 10 kilom\u00e8tres\u00a0<br \/>des services de sant\u00e9 de base\u00bb<\/em><\/p>\n<div class=\"dnd-atom-wrapper type-image context-sdl_editor_representation\" contenteditable=\"false\" readability=\"39\">\n<div class=\"dnd-drop-wrapper image\"><img loading=\"lazy\" decoding=\"async\" typeof=\"foaf:Image\" class=\"img-responsive\" src=\"https:\/\/leconomiste.com\/sites\/default\/files\/eco7\/public\/thumbnails\/image\/maroc_fmi_5557.jpg\" width=\"660\" height=\"331\" alt=\"maroc_fmi_5557.jpg\" title=\"maroc_fmi_5557.jpg\"\/><\/div>\n<p>Il est clair qu\u2019il reste encore un long chemin \u00e0 parcourir avant que le Maroc n\u2019arrive \u00e0 assurer une croissance plus soutenue et plus inclusive. N\u00e9anmoins, des avanc\u00e9es ont \u00e9t\u00e9 r\u00e9alis\u00e9es. Le taux de pauvret\u00e9 a \u00e9t\u00e9 sensiblement r\u00e9duit. Il est pass\u00e9 de 15,3% en 2001 \u00e0 4,8% en 2014, selon le HCP<\/p>\n<\/div>\n<p class=\"rtejustify\">L\u2019investissement \u00e9tranger a contribu\u00e9 au d\u00e9veloppement de nouveaux secteurs, comme l\u2019automobile et les technologies de pointe, qui repr\u00e9sentent aujourd\u2019hui l\u2019essentiel des exportations marocaines. En janvier 2018, le gouvernement a commenc\u00e9 \u00e0 assouplir le r\u00e9gime de change afin de mieux prot\u00e9ger l\u2019\u00e9conomie de l\u2019impact des chocs ext\u00e9rieurs et pr\u00e9server sa comp\u00e9titivit\u00e9.<br \/>N\u00e9anmoins, la route menant \u00e0 une croissance plus \u00e9lev\u00e9e et plus inclusive reste longue. Des efforts suppl\u00e9mentaires sont n\u00e9cessaires pour r\u00e9duire les in\u00e9galit\u00e9s socio-\u00e9conomiques et r\u00e9gionales, ainsi que le ch\u00f4mage. Par exemple, pr\u00e8s d\u2019un quart des m\u00e9nages ruraux n\u2019ont aucun acc\u00e8s direct \u00e0 une route et vivent \u00e0 plus de 10 kilom\u00e8tres des services de sant\u00e9 de base. Les jeunes et la classe moyenne ont besoin d\u2019une \u00e9ducation et d\u2019emplois de meilleure qualit\u00e9, et les femmes que l\u2019\u00e9galit\u00e9 des chances devienne une r\u00e9alit\u00e9. Face \u00e0 ces enjeux cruciaux, une action d\u2019envergure est n\u00e9cessaire: il s\u2019agit notamment de promouvoir un secteur public efficient et d\u00e9centralis\u00e9, de fournir des services publics de qualit\u00e9, ainsi que de favoriser l\u2019entrepreneuriat et le dynamisme des petites et moyennes entreprises qui constitueront le moteur de la cr\u00e9ation d\u2019emplois \u00e0 l\u2019avenir.<\/p>\n<p class=\"rtecenter\"><strong><em>R\u00e9formes prioritaires<\/em><\/strong><\/p>\n<p class=\"rtejustify\">Heureusement, le Maroc est relativement bien plac\u00e9 pour affronter ces d\u00e9fis en mettant en \u0153uvre une nouvelle g\u00e9n\u00e9ration de r\u00e9formes. En fait, le d\u00e9bat concernant le mod\u00e8le de croissance est bien engag\u00e9, et les autorit\u00e9s adoptent une approche inclusive en mati\u00e8re de r\u00e9forme, comme en t\u00e9moignent les r\u00e9centes Assises nationales sur la fiscalit\u00e9. Les grandes priorit\u00e9s sont les suivantes: Am\u00e9liorer l\u2019\u00e9ducation, poursuivre la lutte contre la corruption, mettre davantage l\u2019accent sur le d\u00e9veloppement des nouvelles technologies (notamment pour accro\u00eetre la transparence du secteur public), r\u00e9former la fiscalit\u00e9, moderniser la fonction publique et le march\u00e9 du travail, et continuer d\u2019am\u00e9liorer le climat des affaires. Ces r\u00e9formes contribueront \u00e0 renforcer l\u2019\u00e9conomie marocaine et son r\u00f4le de partenaire international de premier plan dans la r\u00e9gion et sur le continent africain.<br \/>Tout au long de ce processus, le FMI a \u00e9t\u00e9 un proche partenaire du Maroc, soutenant le gouvernement dans sa volont\u00e9 de poursuivre une politique \u00e9conomique et des r\u00e9formes judicieuses, ainsi que dans sa vision \u00e0 long terme. Les pays se tournent souvent vers le FMI en p\u00e9riode de crise, mais dans le cas du Maroc, c\u2019\u00e9tait pour \u00e9viter les \u00e9cueils. Le FMI a \u00e9t\u00e9 aux c\u00f4t\u00e9s des autorit\u00e9s marocaines tandis qu\u2019elles cherchaient \u00e0 renforcer la r\u00e9silience de l\u2019\u00e9conomie, \u00e0 acc\u00e9l\u00e9rer la croissance et \u00e0 approfondir l\u2019int\u00e9gration du pays dans l\u2019\u00e9conomie mondiale. Nous avons aussi mis l\u2019exp\u00e9rience d\u2019autres pays au service du Maroc, en fournissant des conseils sur les r\u00e9formes des finances publiques, du r\u00e9gime de change et du secteur financier, ainsi qu\u2019une assurance contre les chocs ext\u00e9rieurs pouvant frapper l\u2019\u00e9conomie. Cela dit, la solide prise en charge du programme de r\u00e9formes par les autorit\u00e9s marocaines a constitu\u00e9 un pilier essentiel de ce partenariat.<br \/>Cette exp\u00e9rience offre des enseignements pr\u00e9cieux aux autres pays de la r\u00e9gion. Comme pour le Maroc, le FMI est pr\u00eat \u00e0 aider ses pays membres, non seulement en p\u00e9riode de crise, mais aussi dans leur engagement \u00e0 maintenir le cap d\u2019une croissance plus forte et plus inclusive.<\/p>\n<p class=\"rtejustify\">\u00a0<\/p>\n<\/div>\n<p>Auteur: mbasraoui<br \/>\n<a href=\"https:\/\/www.leconomiste.com\/article\/1047884-maroc-fmi-maintenir-le-cap-en-periode-de-turbulences-par-nicolas-blancher\">Cliquez ici pour lire l&rsquo;article depuis sa source.<\/a><\/p>\n","protected":false},"excerpt":{"rendered":"<p>Nicolas Blancher est chef de mission pour le Maroc au FMI. Il a rejoint le Fonds en 1996. Depuis, il est pass\u00e9 par plusieurs d\u00e9partements de l\u2019institution internationale, dont celui du d\u00e9veloppement et de la r\u00e9vision des politiques. Il a \u00e9galement \u00e9t\u00e9 conseiller au d\u00e9partement des march\u00e9s mon\u00e9taires et de capitaux. Blancher a d\u00e9marr\u00e9 sa [&hellip;]<\/p>\n","protected":false},"author":1763,"featured_media":46839,"comment_status":"closed","ping_status":"closed","sticky":false,"template":"","format":"standard","meta":{"fifu_image_url":"","fifu_image_alt":"","footnotes":""},"categories":[78,54],"tags":[],"class_list":["post-46838","post","type-post","status-publish","format-standard","has-post-thumbnail","hentry","category-economie","category-maroc"],"_links":{"self":[{"href":"https:\/\/linitiative.ca\/International\/wp-json\/wp\/v2\/posts\/46838","targetHints":{"allow":["GET"]}}],"collection":[{"href":"https:\/\/linitiative.ca\/International\/wp-json\/wp\/v2\/posts"}],"about":[{"href":"https:\/\/linitiative.ca\/International\/wp-json\/wp\/v2\/types\/post"}],"author":[{"embeddable":true,"href":"https:\/\/linitiative.ca\/International\/wp-json\/wp\/v2\/users\/1763"}],"replies":[{"embeddable":true,"href":"https:\/\/linitiative.ca\/International\/wp-json\/wp\/v2\/comments?post=46838"}],"version-history":[{"count":0,"href":"https:\/\/linitiative.ca\/International\/wp-json\/wp\/v2\/posts\/46838\/revisions"}],"wp:featuredmedia":[{"embeddable":true,"href":"https:\/\/linitiative.ca\/International\/wp-json\/"}],"wp:attachment":[{"href":"https:\/\/linitiative.ca\/International\/wp-json\/wp\/v2\/media?parent=46838"}],"wp:term":[{"taxonomy":"category","embeddable":true,"href":"https:\/\/linitiative.ca\/International\/wp-json\/wp\/v2\/categories?post=46838"},{"taxonomy":"post_tag","embeddable":true,"href":"https:\/\/linitiative.ca\/International\/wp-json\/wp\/v2\/tags?post=46838"}],"curies":[{"name":"wp","href":"https:\/\/api.w.org\/{rel}","templated":true}]}}