{"id":46840,"date":"2019-07-17T11:00:06","date_gmt":"2019-07-17T15:00:06","guid":{"rendered":"https:\/\/linitiative.ca\/International\/dossier-iranien-la-diplomatie-europeenne-en-quete-dune-solution\/"},"modified":"2019-07-17T11:00:06","modified_gmt":"2019-07-17T15:00:06","slug":"dossier-iranien-la-diplomatie-europeenne-en-quete-dune-solution","status":"publish","type":"post","link":"https:\/\/linitiative.ca\/International\/dossier-iranien-la-diplomatie-europeenne-en-quete-dune-solution\/","title":{"rendered":"Dossier iranien: La diplomatie europ\u00e9enne en qu\u00eate d\u2019une solution"},"content":{"rendered":"<div readability=\"34\">\n<p>D\u00e9sescalade et reprise du dialogue\u2026 les mots d\u2019ordre<\/p>\n<p>L\u2019\u00e9tau am\u00e9ricain se resserre<\/p>\n<\/div>\n<div readability=\"54\">\n<div class=\"dnd-atom-wrapper type-image context-sdl_editor_representation\" contenteditable=\"false\">\n<div class=\"dnd-drop-wrapper image\"><img loading=\"lazy\" decoding=\"async\" typeof=\"foaf:Image\" class=\"img-responsive\" src=\"https:\/\/leconomiste.com\/sites\/default\/files\/eco7\/public\/thumbnails\/image\/instex_5557.jpg\" width=\"660\" height=\"330\" alt=\"instex_5557.jpg\" title=\"instex_5557.jpg\"\/><\/div>\n<\/div>\n<p class=\"rtejustify\">Les Europ\u00e9ens se sont r\u00e9unis encore une fois \u00e0 Bruxelles. Objectif: sauver l\u2019accord sur le nucl\u00e9aire avec l\u2019Iran. Mais l\u2019impossibilit\u00e9 de contourner les sanctions am\u00e9ricaines leur laisse peu de chances, ont averti leurs ministres des Affaires \u00e9trang\u00e8res hier, lundi 15 juillet. \u00abL\u2019Iran a pris de mauvaises d\u00e9cisions en r\u00e9action \u00e0 celles des Etats-Unis de se retirer de l\u2019accord et d\u2019imposer des sanctions dont la port\u00e9e extraterritoriale touche de front les avantages \u00e9conomiques que le pays pouvait retirer de l\u2019accord\u00bb, a d\u00e9plor\u00e9 le chef de la diplomatie fran\u00e7aise Jean-Yves le Drian.<br \/>Les Europ\u00e9ens esp\u00e8rent convaincre les Iraniens de leur volont\u00e9 de les aider avec l\u2019utilisation de l\u2019Instex. Un m\u00e9canisme de troc cr\u00e9\u00e9 pour contourner les sanctions am\u00e9ricaines en \u00e9vitant d\u2019utiliser le dollar. Mais la situation est complexe. \u00abL\u2019extraterritorialit\u00e9 des sanctions am\u00e9ricaines a abouti au retrait d\u2019Iran des entreprises europ\u00e9ennes et le commerce s\u2019est effondr\u00e9\u00bb, a expliqu\u00e9 un diplomate europ\u00e9en cit\u00e9 par l\u2019AFP. L\u2019Iran ne peut plus exporter son p\u00e9trole, et est ainsi priv\u00e9 de l\u2019essentiel de ses revenus. Les exportations sont tomb\u00e9es de 1,5 million de barils par jour \u00e0 700.000 barils, ce qui est insuffisant pour maintenir une \u00e9conomie viable.\u00a0<br \/>Dans un communiqu\u00e9 commun, la France, le Royaume-Uni et l\u2019Allemagne (trois parties \u00e0 l\u2019accord sur le nucl\u00e9aire iranien de 2015) ont appel\u00e9 \u00e0 arr\u00eater l\u2019escalade des tensions et \u00e0 reprendre le dialogue.\u00a0 \u00abNous insistons sur (&#8230;) la r\u00e9ciprocit\u00e9 des droits et des devoirs entre les parties \u00e0 cet accord\u2026 \u00bb, a r\u00e9agi le porte-parole du minist\u00e8re iranien des Affaires \u00e9trang\u00e8res, Abbas Moussavi. Les trois pays se sont dit par ailleurs \u00abprofond\u00e9ment troubl\u00e9s par les attaques dans le Golfe et au-del\u00e0, ainsi que par la d\u00e9t\u00e9rioration de la s\u00e9curit\u00e9 dans la r\u00e9gion\u00bb.<br \/>L\u2019accord de Vienne de 2015 pr\u00e9voit une limitation du programme nucl\u00e9aire iranien en \u00e9change de la lev\u00e9e des sanctions internationales contre ce pays. Un an apr\u00e8s le retrait unilat\u00e9ral des Etats-Unis, l\u2019Iran avait d\u00e9cid\u00e9 de cesser de limiter ses r\u00e9serves d\u2019eau lourde et d\u2019uranium enrichi. Le pays a d\u00e9pass\u00e9 d\u00e9but juillet la limite impos\u00e9e \u00e0 ses r\u00e9serves d\u2019uranium enrichi, \u00e0 4,5%, soit au-del\u00e0 du maximum autoris\u00e9 par l\u2019accord (3,67%). Jusqu\u2019ici l\u2019Iran avait respect\u00e9 les termes de l\u2019accord, selon l\u2019Agence internationale de l\u2019\u00e9nergie atomique (AIEA), qui v\u00e9rifie les engagements pris.\u00a0<\/p>\n<p class=\"rtejustify\">\u00a0<\/p>\n<\/div>\n<p>Auteur: mbasraoui<br \/>\n<a href=\"https:\/\/www.leconomiste.com\/article\/1047885-dossier-iranien-la-diplomatie-europeenne-en-quete-d-une-solution\">Cliquez ici pour lire l&rsquo;article depuis sa source.<\/a><\/p>\n","protected":false},"excerpt":{"rendered":"<p>D\u00e9sescalade et reprise du dialogue\u2026 les mots d\u2019ordre L\u2019\u00e9tau am\u00e9ricain se resserre Les Europ\u00e9ens se sont r\u00e9unis encore une fois \u00e0 Bruxelles. Objectif: sauver l\u2019accord sur le nucl\u00e9aire avec l\u2019Iran. Mais l\u2019impossibilit\u00e9 de contourner les sanctions am\u00e9ricaines leur laisse peu de chances, ont averti leurs ministres des Affaires \u00e9trang\u00e8res hier, lundi 15 juillet. \u00abL\u2019Iran a [&hellip;]<\/p>\n","protected":false},"author":1763,"featured_media":46841,"comment_status":"closed","ping_status":"closed","sticky":false,"template":"","format":"standard","meta":{"fifu_image_url":"","fifu_image_alt":"","footnotes":""},"categories":[78,54],"tags":[],"class_list":["post-46840","post","type-post","status-publish","format-standard","has-post-thumbnail","hentry","category-economie","category-maroc"],"_links":{"self":[{"href":"https:\/\/linitiative.ca\/International\/wp-json\/wp\/v2\/posts\/46840","targetHints":{"allow":["GET"]}}],"collection":[{"href":"https:\/\/linitiative.ca\/International\/wp-json\/wp\/v2\/posts"}],"about":[{"href":"https:\/\/linitiative.ca\/International\/wp-json\/wp\/v2\/types\/post"}],"author":[{"embeddable":true,"href":"https:\/\/linitiative.ca\/International\/wp-json\/wp\/v2\/users\/1763"}],"replies":[{"embeddable":true,"href":"https:\/\/linitiative.ca\/International\/wp-json\/wp\/v2\/comments?post=46840"}],"version-history":[{"count":0,"href":"https:\/\/linitiative.ca\/International\/wp-json\/wp\/v2\/posts\/46840\/revisions"}],"wp:featuredmedia":[{"embeddable":true,"href":"https:\/\/linitiative.ca\/International\/wp-json\/"}],"wp:attachment":[{"href":"https:\/\/linitiative.ca\/International\/wp-json\/wp\/v2\/media?parent=46840"}],"wp:term":[{"taxonomy":"category","embeddable":true,"href":"https:\/\/linitiative.ca\/International\/wp-json\/wp\/v2\/categories?post=46840"},{"taxonomy":"post_tag","embeddable":true,"href":"https:\/\/linitiative.ca\/International\/wp-json\/wp\/v2\/tags?post=46840"}],"curies":[{"name":"wp","href":"https:\/\/api.w.org\/{rel}","templated":true}]}}