{"id":46844,"date":"2019-07-17T15:14:20","date_gmt":"2019-07-17T19:14:20","guid":{"rendered":"https:\/\/linitiative.ca\/International\/ligue-1-2-csc-vers-la-programmation-du-second-stage-en-turquie\/"},"modified":"2019-07-17T15:14:20","modified_gmt":"2019-07-17T19:14:20","slug":"ligue-1-2-csc-vers-la-programmation-du-second-stage-en-turquie","status":"publish","type":"post","link":"https:\/\/linitiative.ca\/International\/ligue-1-2-csc-vers-la-programmation-du-second-stage-en-turquie\/","title":{"rendered":"Ligue 1 &amp; 2 : CSC: Vers la programmation du second stage en Turquie"},"content":{"rendered":"<div readability=\"32\">\n<p>Auteur : <span>Samir K.<\/span> <span class=\"time\">mercredi 17 juillet 2019 13:33<\/span><\/p>\n<\/div>\n<div id=\"post_core\" readability=\"79\">\n<p>Les Constantinois ont termin\u00e9 leur premier regroupement de pr\u00e9paration \u00e0 Hammam Bourguiba et sont rentr\u00e9s \u00e0 la maison. Les co\u00e9quipiers de Zalani devront effectuer quelques jours de pr\u00e9paration \u00e0 Constantine, avant d\u2019attaquer le second stage d\u2019intersaison. Pr\u00e9vu initialement \u00e0 Hammam Bourguiba puis \u00e0 Tabarka, finalement ce stage ne pourra avoir lieu sur le territoire tunisien, puisque les deux lieux sont r\u00e9serv\u00e9s et pris d\u2019assauts par d\u2019autres \u00e9quipes. La direction en concertation avec le staff technique, a pris la d\u00e9cision de le d\u00e9localiser et de le programmer en Turquie et ce, \u00e0 partir du 23 ou 24 du mois en cours. Un stage qui sera d\u2019une dur\u00e9e d\u2019une semaine \u00e0 une dizaine de jour et sera consacr\u00e9 au volet tactique et aux matchs amicaux. Le coach Denis Lavagne profitera de ce second stage pour bien peaufiner sa pr\u00e9paration, et surtout d\u00e9gager le onze qui devra d\u00e9buter la nouvelle saison sportive 2019-2020.<\/p>\n<p><strong>Hammam Bourguiba et Tabarka sont d\u00e9j\u00e0 r\u00e9serv\u00e9s par d\u2019autres \u00e9quipes<\/strong><br \/>Si la direction a proc\u00e9d\u00e9 \u00e0 ce changement sur le lieu du stage, c\u2019est en raison de l\u2019occupation des sites de Hammam Bourguiba et de Tabarka par d\u2019autres \u00e9quipes. Tabarka est pris d\u2019assaut par\u00a0 d\u2019autres \u00e9quipes comme l\u2019ES Sahel et Al Sad du Qatar. C\u2019est le cas pour Hammam Bourguiba, qui est occup\u00e9 par le CS Sfax, le CRB et d\u2019autres clubs qui vont arriver ces jours-ci. Les dirigeants auraient souhait\u00e9 que ce second se d\u00e9roule sur les terres tunisiennes mais en vain. Boukhedenna a \u00e9t\u00e9 surpris d\u2019apprendre que ces deux sites sont r\u00e9serv\u00e9s et sont au grand complet et qu\u2019il n\u2019y a plus de places, pour que d\u2019autres \u00e9quipes se pr\u00e9parent sur place. Ce qui a pouss\u00e9 donc le manager g\u00e9n\u00e9ral apr\u00e8s concertation avec Denis Lavagne d\u2019opter pour la Turquie.<br \/>\u00a0<\/p>\n<p><strong>Benayada refuse de revenir<\/strong><\/p>\n<p>M\u00eame si ces derniers jours on l\u2019annon\u00e7ait de retour aux entra\u00eenements, mais la r\u00e9alit\u00e9 est toute autre, puisque le joueur Hocine Benayada en personne nous a confirm\u00e9, que sa d\u00e9cision d\u2019embrasser une carri\u00e8re professionnelle en Europe est irr\u00e9vocable. Certes le club belge qui le veut ne lui a pas envoy\u00e9 le document de son offre par \u00e9crit. Ce qui a pouss\u00e9 Boukhedenna \u00e0 ne pas lui remettre sa lib\u00e9ration. Le joueur campe sur sa position, tandis que la direction menace de saisir un huissier de justice pour faire le constat de ses absences. Benayada refuse de revenir et ce, quelle que soit la d\u00e9cision de la direction \u00e0 son encontre.<br \/><strong>\u00abJe ne jouerai pas \u00e0 l\u2019ES Tunis et ma d\u00e9cision de partir est irr\u00e9vocable\u00bb<\/strong><br \/>Hocine Benayada campe sur sa position de partir et de changer d\u2019air en optant pour un club europ\u00e9en, mais il nie d\u2019avoir accept\u00e9 l\u2019offre de l\u2019ES Tunis : \u00abMa d\u00e9cision est prise et elle est d\u00e9finitive. Je ne jouerai qu\u2019en Europe cette saison. Je ne rejouerai pas au CSC ni \u00e0 l\u2019ES Tunis. C\u2019est vrai j\u2019ai eu une offre de ce club et je les remercie au passage ainsi que leurs supporters, mais je veux jouer en Europe.\u00bb<br \/>\u00a0<\/p>\n<p><strong>Zalani \u00abLe stage \u00e0 Hammam Bourguiba une totale r\u00e9ussite\u00bb<\/strong><br \/>Le d\u00e9fenseur axial Nasreddine Zalani se dit satisfait du travail accompli \u00e0 Hammam Bourguiba, en nous d\u00e9clarant ce qui suit : \u00abOn a beaucoup travaill\u00e9 en Tunisie avec du triquotidien au programme chaque jour. Le staff technique nous a soumis \u00e0 une grande charge de travail matin et soir. Mais on a bien tenu le coup, en r\u00e9pondant comme il se doit et en appliquant le programme trac\u00e9 \u00e0 la lettre. C\u2019est vrai on a souffert le martyre de la chaleur et de la charge intense, mais je crois que c\u2019est une totale r\u00e9ussite ce stage effectu\u00e9 \u00e0 Hammam Bourguiba.\u00bb Zalani conclut : \u00abOn aurait souhait\u00e9 jouer ce match amical face au CS Sfax, mais en vain, \u00e0 la derni\u00e8re minute il a \u00e9t\u00e9 annul\u00e9 par le staff technique du club tunisien. Mais on a jou\u00e9 un match d\u2019application qui a \u00e9t\u00e9 b\u00e9n\u00e9fique pour nous et pour le staff technique qui a vu l\u2019ensemble des joueurs jouer. Je pense qu\u2019on est sur une courbe ascendante et si tout va bien, on sera au rendez-vous au coup d\u2019envoie de la nouvelle saison sportive. Il y aura un second stage \u00e0 effectuer \u00e0 l\u2019\u00e9tranger. Mais on jouera tout d\u2019abord un ou deux matchs \u00e0 Constantine et \u00e0 S\u00e9tif avant d\u2019entamer le second stage. D\u2019ici le d\u00e9but du championnat, le groupe\u00a0 sera au meilleur de sa forme sur le double plan physique et technico-tactique. Car avec la multiplication des matchs amicaux, l\u2019\u00e9quipe sera meilleure et les joueurs vont parfaire leurs automatismes.\u00bb<br \/>\u00a0<\/p>\n<p><strong>Publi\u00e9 dans :<\/strong> <span>csc<\/span> <span>Benayada<\/span> <span>Zalani<\/span><\/p>\n<\/div>\n<p>Auteur:<br \/>\n<a href=\"http:\/\/www.lebuteur.com\/article\/detail?titre=csc-vers-la-programmation-du-second-stage-en-turquie&#038;id=90442&#038;utm_source=feedburner&#038;utm_medium=feed&#038;utm_campaign=Feed%3A+GalerieFArtciles+%28Les+derniers+articles++-+lebuteur.com%29\">Cliquez ici pour lire l&rsquo;article depuis sa source.<\/a><\/p>\n","protected":false},"excerpt":{"rendered":"<p>Auteur : Samir K. mercredi 17 juillet 2019 13:33 Les Constantinois ont termin\u00e9 leur premier regroupement de pr\u00e9paration \u00e0 Hammam Bourguiba et sont rentr\u00e9s \u00e0 la maison. Les co\u00e9quipiers de Zalani devront effectuer quelques jours de pr\u00e9paration \u00e0 Constantine, avant d\u2019attaquer le second stage d\u2019intersaison. Pr\u00e9vu initialement \u00e0 Hammam Bourguiba puis \u00e0 Tabarka, finalement ce [&hellip;]<\/p>\n","protected":false},"author":1738,"featured_media":46845,"comment_status":"closed","ping_status":"closed","sticky":false,"template":"","format":"standard","meta":{"fifu_image_url":"","fifu_image_alt":"","footnotes":""},"categories":[53,75],"tags":[],"class_list":["post-46844","post","type-post","status-publish","format-standard","has-post-thumbnail","hentry","category-algerie","category-sport"],"_links":{"self":[{"href":"https:\/\/linitiative.ca\/International\/wp-json\/wp\/v2\/posts\/46844","targetHints":{"allow":["GET"]}}],"collection":[{"href":"https:\/\/linitiative.ca\/International\/wp-json\/wp\/v2\/posts"}],"about":[{"href":"https:\/\/linitiative.ca\/International\/wp-json\/wp\/v2\/types\/post"}],"author":[{"embeddable":true,"href":"https:\/\/linitiative.ca\/International\/wp-json\/wp\/v2\/users\/1738"}],"replies":[{"embeddable":true,"href":"https:\/\/linitiative.ca\/International\/wp-json\/wp\/v2\/comments?post=46844"}],"version-history":[{"count":0,"href":"https:\/\/linitiative.ca\/International\/wp-json\/wp\/v2\/posts\/46844\/revisions"}],"wp:featuredmedia":[{"embeddable":true,"href":"https:\/\/linitiative.ca\/International\/wp-json\/"}],"wp:attachment":[{"href":"https:\/\/linitiative.ca\/International\/wp-json\/wp\/v2\/media?parent=46844"}],"wp:term":[{"taxonomy":"category","embeddable":true,"href":"https:\/\/linitiative.ca\/International\/wp-json\/wp\/v2\/categories?post=46844"},{"taxonomy":"post_tag","embeddable":true,"href":"https:\/\/linitiative.ca\/International\/wp-json\/wp\/v2\/tags?post=46844"}],"curies":[{"name":"wp","href":"https:\/\/api.w.org\/{rel}","templated":true}]}}