{"id":46846,"date":"2019-07-17T15:14:21","date_gmt":"2019-07-17T19:14:21","guid":{"rendered":"https:\/\/linitiative.ca\/International\/ligue-1-2-ess-la-greve-evitee-de-justesse\/"},"modified":"2019-07-17T15:14:21","modified_gmt":"2019-07-17T19:14:21","slug":"ligue-1-2-ess-la-greve-evitee-de-justesse","status":"publish","type":"post","link":"https:\/\/linitiative.ca\/International\/ligue-1-2-ess-la-greve-evitee-de-justesse\/","title":{"rendered":"Ligue 1 &amp; 2 : ESS: La gr\u00e8ve \u00e9vit\u00e9e de justesse"},"content":{"rendered":"<div readability=\"32\">\n<p>Auteur : <span>Akram F.<\/span> <span class=\"time\">mercredi 17 juillet 2019 13:33<\/span><\/p>\n<\/div>\n<div id=\"post_core\" readability=\"98\">\n<p>Comme nous l\u2019indiquions r\u00e9cemment, la direction actuelle de l\u2019Entente n\u2019a pas tenu sa promesse, celle de verser 100 millions de centimes \u00e0 chacun des anciens joueurs sous contrat avec l\u2019Entente au d\u00e9but de la semaine en cours. Et comme on s\u2019y attendait, les joueurs n\u2019ont pas patient\u00e9 longtemps avant de r\u00e9agir. Ils avaient pr\u00e9vu de boycotter l\u2019entrainement du lundi avant de revenir \u00e0 de meilleurs sentiments en donnant 24 heures de plus aux dirigeants pour r\u00e9gler le probl\u00e8me. Mais hier encore, l\u2019argent n\u2019\u00e9tait pas l\u00e0. Ils ont alors d\u00e9cid\u00e9 de ne pas s\u2019entrainer. Alert\u00e9s, les dirigeants se sont d\u00e9plac\u00e9s au stade 8-Mai-45 pour tenter de calmer les esprits et\u00a0 rassurer les joueurs afin que ces derniers puissent poursuivre la pr\u00e9paration. Mais ils n\u2019avaient pas beaucoup d\u2019arguments \u00e0 faire valoir, d\u2019autant que personne d\u2019entre eux ne s\u2019est manifest\u00e9 depuis le d\u00e9but de la semaine pour leur expliquer le comment du pourquoi, sachant qu\u2019ils leur avaient promis d\u2019encaisser cette somme au d\u00e9but de la semaine. Il a fallu donc beaucoup d\u2019effort pour ramener les joueurs \u00e0 la raison. Les dirigeants ont essay\u00e9, tant bien que mal,\u00a0 d\u2019expliquer les raisons de ce retard, mais ce que les joueurs voulaient entendre, c\u2019est du concret. Au final, les responsables de l\u2019Entente ont promis aux joueurs de les payer aujourd\u2019hui. Apr\u00e8s cela, les camarades de Rebiai ont d\u00e9cid\u00e9 de reprendre l\u2019entrainement et on verra si cette nouvelle promesse sera tenue ou non.<br \/><strong>Les supporters inquiets<\/strong><br \/>Et voil\u00e0, ce qui devait arriver arriva. Esp\u00e9rons que cette fois-ci, le directoire de l\u2019ESS saura tenir sa promesse. Au risque de le r\u00e9p\u00e9ter, le probl\u00e8me de l\u2019Entente est d\u2019ordre financier avant tout. Il fallait trouver de nouvelles ressources pour parer au plus urgent, et le plus urgent c\u2019\u00e9tait de payer les joueurs qui avaient accept\u00e9 de reprendre l\u2019entrainement alors qu\u2019ils ne sont pas pay\u00e9s depuis six mois, sachant qu\u2019ils \u00e9taient dans leur droit d\u2019aller signer ailleurs. Il ne fallait pas les d\u00e9cevoir et\u00a0\u00a0 perdre leur confiance. Bref, les dirigeants ont l\u2019occasion de se rattraper aujourd\u2019hui, et les supporters qui suivent de pr\u00e8s ce qui se passe et qui sont de plus en plus inquiets, esp\u00e8rent que les choses rentrent dans l\u2019ordre d\u00e8s aujourd\u2019hui.<br \/>\u00a0<\/p>\n<p><strong>Tour\u00e9 signe pour deux ans<\/strong><\/p>\n<p>La direction actuelle de l\u2019ES S\u00e9tif a fini par convaincre et trouver un terrain d\u2019entente avec son homologue du MO B\u00e9ja\u00efa quant au transfert de l\u2019attaquant s\u00e9n\u00e9galais, Malck Tour\u00e9. C\u2019est ainsi que ce dernier, qui \u00e9tait tr\u00e8s proche de l\u2019Entente, a pu s\u2019engager officiellement hier avec le club de A\u00efn El Fouara pour une dur\u00e9e de deux ans. Le joueur a sign\u00e9 hier son contrat et devient la quatri\u00e8me recrue officielle de l\u2019Entente apr\u00e8s Souibaa, Tebbi et Laribi, en attendant l\u2019officialisation de l\u2019arriv\u00e9e de Kheda\u00efria.<br \/><strong>Les Mobistes oblig\u00e9s de le c\u00e9der<\/strong><br \/>Il est \u00e0 rappeler que le MOB \u00e9tait oblig\u00e9 de se s\u00e9parer des services de son attaquant qui n\u2019a pas le droit d\u2019\u00e9voluer en Ligue 2 Mobilis, comme elle l\u2019a fait d\u2019ailleurs avec le B\u00e9ninois, Jaques Bessan, qui est all\u00e9 au TP Mazembe. Mais contrairement au B\u00e9ninois, les Mobistes voulaient pr\u00eater Malick Tour\u00e9, mais apparemment, ils ont fini par le c\u00e9der d\u00e9finitivement aux S\u00e9tifiens. C\u2019est du moins ce que nous avons pu apprendre hier d\u2019une source s\u00fbre apr\u00e8s de la direction actuelle de l\u2019ESS.<\/p>\n<p><strong>L\u2019USMBA n\u00e9gocie\u00a0 le transfert de Saad<\/strong><br \/>On a l\u2019impression de vivre la m\u00eame situation que l\u2019\u00e9t\u00e9 dernier lorsque An\u00e8s Saad avait refus\u00e9 de reprendre l\u2019entrainement avec l\u2019Entente en r\u00e9clamant sa lettre de lib\u00e9ration pour aller \u00e0 l\u2019USMBA. En effet, le joueur ne veut toujours pas reprendre l\u2019entrainement avec l\u2019Entente et r\u00e9clame sa lib\u00e9ration pour aller rejoindre le club de la Mekerra o\u00f9 il a tout conclu avec les dirigeants de l\u2019USMBA. La nouveaut\u00e9 cette ann\u00e9e, c\u2019est que la direction de Bel-Abb\u00e8s, par l\u2019interm\u00e9diaire de son manager, Bengorine, a pris attache avec la direction de l\u2019ESS pour n\u00e9gocier le transfert du joueur. Et connaissant An\u00e8s Saad, il vaut mieux que les dirigeants de l\u2019Entente le laissent partir moyennant une indemnit\u00e9 de transfert que de subir ses sautes d\u2019humeur et ses caprices tout au long de la saison.<\/p>\n<p><strong>Saad : \u00ab J\u2019esp\u00e8re qu\u2019on trouvera vite une solution \u00bb<\/strong><br \/>\u00ab Effectivement, j\u2019ai eu une offre de l\u2019USMBA qui m\u2019a int\u00e9ress\u00e9, j\u2019ai n\u00e9goci\u00e9 et j\u2019ai donn\u00e9 mon accord d\u00e9finitif. Mais comme vous le savez, je ne suis pas libre, je suis encore sous contrat avec l\u2019ESS et donc, je dois obtenir ma lettre de lib\u00e9ration si je veux signer \u00e0 Bel-Abb\u00e8s. J\u2019ai appris que les dirigeants de l\u2019USMBA ont contact\u00e9 ceux de l\u2019Entente et j\u2019esp\u00e8re qu\u2019on trouvera une solution le plus vite possible \u00bb, nous a d\u00e9clar\u00e9 An\u00e8s Saad qui semblait d\u00e9cid\u00e9 \u00e0 quitter l\u2019ESS.<br \/>\u00a0<\/p>\n<p><strong>Publi\u00e9 dans :<\/strong> <span>ess<\/span> <span>Toure<\/span> <span>Bengorine<\/span> <span>Bessan<\/span><\/p>\n<\/div>\n<p>Auteur:<br \/>\n<a href=\"http:\/\/www.lebuteur.com\/article\/detail?titre=ess-la-greve-evitee-de-justesse&#038;id=90441&#038;utm_source=feedburner&#038;utm_medium=feed&#038;utm_campaign=Feed%3A+GalerieFArtciles+%28Les+derniers+articles++-+lebuteur.com%29\">Cliquez ici pour lire l&rsquo;article depuis sa source.<\/a><\/p>\n","protected":false},"excerpt":{"rendered":"<p>Auteur : Akram F. mercredi 17 juillet 2019 13:33 Comme nous l\u2019indiquions r\u00e9cemment, la direction actuelle de l\u2019Entente n\u2019a pas tenu sa promesse, celle de verser 100 millions de centimes \u00e0 chacun des anciens joueurs sous contrat avec l\u2019Entente au d\u00e9but de la semaine en cours. Et comme on s\u2019y attendait, les joueurs n\u2019ont pas [&hellip;]<\/p>\n","protected":false},"author":1738,"featured_media":46847,"comment_status":"closed","ping_status":"closed","sticky":false,"template":"","format":"standard","meta":{"fifu_image_url":"","fifu_image_alt":"","footnotes":""},"categories":[53,75],"tags":[],"class_list":["post-46846","post","type-post","status-publish","format-standard","has-post-thumbnail","hentry","category-algerie","category-sport"],"_links":{"self":[{"href":"https:\/\/linitiative.ca\/International\/wp-json\/wp\/v2\/posts\/46846","targetHints":{"allow":["GET"]}}],"collection":[{"href":"https:\/\/linitiative.ca\/International\/wp-json\/wp\/v2\/posts"}],"about":[{"href":"https:\/\/linitiative.ca\/International\/wp-json\/wp\/v2\/types\/post"}],"author":[{"embeddable":true,"href":"https:\/\/linitiative.ca\/International\/wp-json\/wp\/v2\/users\/1738"}],"replies":[{"embeddable":true,"href":"https:\/\/linitiative.ca\/International\/wp-json\/wp\/v2\/comments?post=46846"}],"version-history":[{"count":0,"href":"https:\/\/linitiative.ca\/International\/wp-json\/wp\/v2\/posts\/46846\/revisions"}],"wp:featuredmedia":[{"embeddable":true,"href":"https:\/\/linitiative.ca\/International\/wp-json\/"}],"wp:attachment":[{"href":"https:\/\/linitiative.ca\/International\/wp-json\/wp\/v2\/media?parent=46846"}],"wp:term":[{"taxonomy":"category","embeddable":true,"href":"https:\/\/linitiative.ca\/International\/wp-json\/wp\/v2\/categories?post=46846"},{"taxonomy":"post_tag","embeddable":true,"href":"https:\/\/linitiative.ca\/International\/wp-json\/wp\/v2\/tags?post=46846"}],"curies":[{"name":"wp","href":"https:\/\/api.w.org\/{rel}","templated":true}]}}