{"id":46852,"date":"2019-07-17T15:14:25","date_gmt":"2019-07-17T19:14:25","guid":{"rendered":"https:\/\/linitiative.ca\/International\/equipe-dalgerie-lancien-selectionneur-national-robert-waseige-nest-plus\/"},"modified":"2019-07-17T15:14:25","modified_gmt":"2019-07-17T19:14:25","slug":"equipe-dalgerie-lancien-selectionneur-national-robert-waseige-nest-plus","status":"publish","type":"post","link":"https:\/\/linitiative.ca\/International\/equipe-dalgerie-lancien-selectionneur-national-robert-waseige-nest-plus\/","title":{"rendered":"Equipe d&rsquo;Alg\u00e9rie : L\u2019ancien s\u00e9lectionneur national, Robert Waseige n\u2019est plus"},"content":{"rendered":"<div readability=\"32\">\n<p>Auteur : <span class=\"time\">mercredi 17 juillet 2019 13:45<\/span><\/p>\n<\/div>\n<div id=\"post_core\" readability=\"35\">\n<p>L\u2019ancien s\u00e9lectionneur national, Robert Waseige est d\u00e9c\u00e9d\u00e9 aujourd\u2019hui \u00e0 l\u2019\u00e2ge de 79 ans apr\u00e8s avoir \u00e9t\u00e9 hospitalis\u00e9 pendant une semaine \u00e0 cause d\u2019une insuffisance cardiaque et de probl\u00e8mes r\u00e9naux. Le technicien belge avait coach\u00e9 les Verts en 2004.<\/p>\n<p><strong>Publi\u00e9 dans :<\/strong> <span>Waseige<\/span><\/p>\n<\/div>\n<p>Auteur:<br \/>\n<a href=\"http:\/\/www.lebuteur.com\/article\/detail?titre=lancien-selectionneur-national-robert-waseige-nest-plus&#038;id=90458&#038;utm_source=feedburner&#038;utm_medium=feed&#038;utm_campaign=Feed%3A+GalerieFArtciles+%28Les+derniers+articles++-+lebuteur.com%29\">Cliquez ici pour lire l&rsquo;article depuis sa source.<\/a><\/p>\n","protected":false},"excerpt":{"rendered":"<p>Auteur : mercredi 17 juillet 2019 13:45 L\u2019ancien s\u00e9lectionneur national, Robert Waseige est d\u00e9c\u00e9d\u00e9 aujourd\u2019hui \u00e0 l\u2019\u00e2ge de 79 ans apr\u00e8s avoir \u00e9t\u00e9 hospitalis\u00e9 pendant une semaine \u00e0 cause d\u2019une insuffisance cardiaque et de probl\u00e8mes r\u00e9naux. Le technicien belge avait coach\u00e9 les Verts en 2004. Publi\u00e9 dans : Waseige Auteur: Cliquez ici pour lire l&rsquo;article [&hellip;]<\/p>\n","protected":false},"author":1738,"featured_media":46853,"comment_status":"closed","ping_status":"closed","sticky":false,"template":"","format":"standard","meta":{"fifu_image_url":"","fifu_image_alt":"","footnotes":""},"categories":[53,75],"tags":[],"class_list":["post-46852","post","type-post","status-publish","format-standard","has-post-thumbnail","hentry","category-algerie","category-sport"],"_links":{"self":[{"href":"https:\/\/linitiative.ca\/International\/wp-json\/wp\/v2\/posts\/46852","targetHints":{"allow":["GET"]}}],"collection":[{"href":"https:\/\/linitiative.ca\/International\/wp-json\/wp\/v2\/posts"}],"about":[{"href":"https:\/\/linitiative.ca\/International\/wp-json\/wp\/v2\/types\/post"}],"author":[{"embeddable":true,"href":"https:\/\/linitiative.ca\/International\/wp-json\/wp\/v2\/users\/1738"}],"replies":[{"embeddable":true,"href":"https:\/\/linitiative.ca\/International\/wp-json\/wp\/v2\/comments?post=46852"}],"version-history":[{"count":0,"href":"https:\/\/linitiative.ca\/International\/wp-json\/wp\/v2\/posts\/46852\/revisions"}],"wp:featuredmedia":[{"embeddable":true,"href":"https:\/\/linitiative.ca\/International\/wp-json\/"}],"wp:attachment":[{"href":"https:\/\/linitiative.ca\/International\/wp-json\/wp\/v2\/media?parent=46852"}],"wp:term":[{"taxonomy":"category","embeddable":true,"href":"https:\/\/linitiative.ca\/International\/wp-json\/wp\/v2\/categories?post=46852"},{"taxonomy":"post_tag","embeddable":true,"href":"https:\/\/linitiative.ca\/International\/wp-json\/wp\/v2\/tags?post=46852"}],"curies":[{"name":"wp","href":"https:\/\/api.w.org\/{rel}","templated":true}]}}