{"id":46858,"date":"2019-07-17T15:14:29","date_gmt":"2019-07-17T19:14:29","guid":{"rendered":"https:\/\/linitiative.ca\/International\/equipe-dalgerie-infantino-lalgerie-est-une-grande-equipe\/"},"modified":"2019-07-17T15:14:29","modified_gmt":"2019-07-17T19:14:29","slug":"equipe-dalgerie-infantino-lalgerie-est-une-grande-equipe","status":"publish","type":"post","link":"https:\/\/linitiative.ca\/International\/equipe-dalgerie-infantino-lalgerie-est-une-grande-equipe\/","title":{"rendered":"Equipe d&rsquo;Alg\u00e9rie : Infantino: \u00ab\u00a0L\u2019Alg\u00e9rie est une grande \u00e9quipe\u00a0\u00bb"},"content":{"rendered":"<div readability=\"32\">\n<p>Auteur : <span class=\"time\">mercredi 17 juillet 2019 19:15<\/span><\/p>\n<\/div>\n<div id=\"post_core\" readability=\"44\">\n<p>Le pr\u00e9sident de la F\u00e9d\u00e9ration internationale de football (Fifa), Gianni Infantino, n\u2019a pas tari d\u2019\u00e9loges sur la s\u00e9lection alg\u00e9rienne, qualifi\u00e9e pour la finale de la CAN-2019, pr\u00e9vue vendredi face au S\u00e9n\u00e9gal\u00a0:\u00a0\u00bbC\u2019est une grande \u00e9quipe, elle est en finale. F\u00e9licitations \u00e0 l\u2019Alg\u00e9rie, mais au S\u00e9n\u00e9gal aussi. Bonne chance \u00e0 tout le monde, surtout \u00e0 l\u2019arbitre (rires)\u00a0\u00bb, a r\u00e9sum\u00e9 Infantino dans une br\u00e8ve d\u00e9claration accord\u00e9e \u00e0 la presse. Le pr\u00e9sident de l\u2019instance mondiale a rejoint la capitale \u00e9gyptienne pour assister d\u2019abord au match de classement pour la troisi\u00e8me place pr\u00e9vu mercredi soir entre la Tunisie et le Nigeria, puis \u00e0 la finale tant attendue vendredi entre l\u2019Alg\u00e9rie et le S\u00e9n\u00e9gal.<\/p>\n<p><strong>Publi\u00e9 dans :<\/strong> <span>Infantino<\/span><\/p>\n<\/div>\n<p>Auteur:<br \/>\n<a href=\"http:\/\/www.lebuteur.com\/article\/detail?titre=infantino-lalgerie-est-une-grande-equipe&#038;id=90461&#038;utm_source=feedburner&#038;utm_medium=feed&#038;utm_campaign=Feed%3A+GalerieFArtciles+%28Les+derniers+articles++-+lebuteur.com%29\">Cliquez ici pour lire l&rsquo;article depuis sa source.<\/a><\/p>\n","protected":false},"excerpt":{"rendered":"<p>Auteur : mercredi 17 juillet 2019 19:15 Le pr\u00e9sident de la F\u00e9d\u00e9ration internationale de football (Fifa), Gianni Infantino, n\u2019a pas tari d\u2019\u00e9loges sur la s\u00e9lection alg\u00e9rienne, qualifi\u00e9e pour la finale de la CAN-2019, pr\u00e9vue vendredi face au S\u00e9n\u00e9gal\u00a0:\u00a0\u00bbC\u2019est une grande \u00e9quipe, elle est en finale. F\u00e9licitations \u00e0 l\u2019Alg\u00e9rie, mais au S\u00e9n\u00e9gal aussi. Bonne chance \u00e0 [&hellip;]<\/p>\n","protected":false},"author":1738,"featured_media":46859,"comment_status":"closed","ping_status":"closed","sticky":false,"template":"","format":"standard","meta":{"fifu_image_url":"","fifu_image_alt":"","footnotes":""},"categories":[53,75],"tags":[],"class_list":["post-46858","post","type-post","status-publish","format-standard","has-post-thumbnail","hentry","category-algerie","category-sport"],"_links":{"self":[{"href":"https:\/\/linitiative.ca\/International\/wp-json\/wp\/v2\/posts\/46858","targetHints":{"allow":["GET"]}}],"collection":[{"href":"https:\/\/linitiative.ca\/International\/wp-json\/wp\/v2\/posts"}],"about":[{"href":"https:\/\/linitiative.ca\/International\/wp-json\/wp\/v2\/types\/post"}],"author":[{"embeddable":true,"href":"https:\/\/linitiative.ca\/International\/wp-json\/wp\/v2\/users\/1738"}],"replies":[{"embeddable":true,"href":"https:\/\/linitiative.ca\/International\/wp-json\/wp\/v2\/comments?post=46858"}],"version-history":[{"count":0,"href":"https:\/\/linitiative.ca\/International\/wp-json\/wp\/v2\/posts\/46858\/revisions"}],"wp:featuredmedia":[{"embeddable":true,"href":"https:\/\/linitiative.ca\/International\/wp-json\/"}],"wp:attachment":[{"href":"https:\/\/linitiative.ca\/International\/wp-json\/wp\/v2\/media?parent=46858"}],"wp:term":[{"taxonomy":"category","embeddable":true,"href":"https:\/\/linitiative.ca\/International\/wp-json\/wp\/v2\/categories?post=46858"},{"taxonomy":"post_tag","embeddable":true,"href":"https:\/\/linitiative.ca\/International\/wp-json\/wp\/v2\/tags?post=46858"}],"curies":[{"name":"wp","href":"https:\/\/api.w.org\/{rel}","templated":true}]}}