{"id":46863,"date":"2019-07-17T10:40:46","date_gmt":"2019-07-17T14:40:46","guid":{"rendered":"https:\/\/linitiative.ca\/International\/92067-meeting-de-sotteville-les-rouen-800-m-taoufik-makhloufi-en-2e-position\/"},"modified":"2019-07-17T10:40:46","modified_gmt":"2019-07-17T14:40:46","slug":"92067-meeting-de-sotteville-les-rouen-800-m-taoufik-makhloufi-en-2e-position","status":"publish","type":"post","link":"https:\/\/linitiative.ca\/International\/92067-meeting-de-sotteville-les-rouen-800-m-taoufik-makhloufi-en-2e-position\/","title":{"rendered":"Meeting de Sotteville-l\u00e8s-Rouen (800 m): Taoufik Makhloufi en 2e position"},"content":{"rendered":"<div>\n<div class=\"K2FeedImage\"><img decoding=\"async\" src=\"http:\/\/www.aps.dz\/media\/k2\/items\/cache\/a3a2980e5d667b1fd15d4e28c83ad603_S.jpg\" alt=\"Meeting de Sotteville-l\u00e8s-Rouen (800 m): Taoufik Makhloufi en 2e position\"><\/div>\n<div class=\"K2FeedIntroText\">\n<p><strong>PARIS &#8211; L&rsquo;Alg\u00e9rien Taoufik Makhloufi a pris la deuxi\u00e8me place sur le 800 m\u00e8tres du meeting international de Sotteville-l\u00e8s-Rouen, disput\u00e9 mardi soir en France, avec un chrono de 1:46.33.<\/strong><\/p>\n<\/div>\n<div class=\"K2FeedFullText\">\n<p>La course a \u00e9t\u00e9 remport\u00e9e par le Kenyan Alfred Kipketer, en 1:45.59, alors que son compatriote Nicholas Kipkoech a compl\u00e9t\u00e9 le podium, avec un chrono de 1:46.59.<\/p>\n<p>Une performance qui permet \u00e0 Makhloufi de r\u00e9aliser les minima des prochains Jeux Africains, pr\u00e9vus au mois d&rsquo;ao\u00fbt prochain \u00e0 Rabat (Maroc) et qui \u00e9taient fix\u00e9s par la Direction technique nationale (DTN) \u00e0 1:46.35.<\/p>\n<p>Le Meeting de Sotteville-l\u00e8s-Rouen repr\u00e9sente la premi\u00e8re sortie officielle pour Makhloufi depuis les derniers Jeux Olympiques d&rsquo;\u00e9t\u00e9, disput\u00e9s en 2016 \u00e0 Rio (Br\u00e9sil) ou il avait d\u00e9croch\u00e9 deux m\u00e9dailles d&rsquo;argent sur le 800 et le 1500 m.<\/p>\n<p>Il s&rsquo;agit donc d&rsquo;une tr\u00e8s bonne reprise pour le champion olympique du 1500m \u00e0 Londres 2012, dont le principal objectif cette saison sera les Championnats du monde d&rsquo;athl\u00e9tisme, pr\u00e9vus du 27 septembre au 6 octobre 2019 \u00e0 Doha (Qatar).<\/p>\n<\/div>\n<p><img loading=\"lazy\" decoding=\"async\" src=\"http:\/\/feeds.feedburner.com\/~r\/aps-sport\/~4\/bIKfB8RXWr8\" height=\"1\" width=\"1\" alt=\"\"><\/div>\n<p>Auteur:<br \/>\n<a href=\"http:\/\/www.aps.dz\/sport\/92067-meeting-de-sotteville-les-rouen-800-m-taoufik-makhloufi-en-2e-position?utm_source=feedburner&#038;utm_medium=feed&#038;utm_campaign=Feed%3A+aps-sport+%28APS+-+SPORT%29\">Cliquez ici pour lire l&rsquo;article depuis sa source.<\/a><\/p>\n","protected":false},"excerpt":{"rendered":"<p>PARIS &#8211; L&rsquo;Alg\u00e9rien Taoufik Makhloufi a pris la deuxi\u00e8me place sur le 800 m\u00e8tres du meeting international de Sotteville-l\u00e8s-Rouen, disput\u00e9 mardi soir en France, avec un chrono de 1:46.33. La course a \u00e9t\u00e9 remport\u00e9e par le Kenyan Alfred Kipketer, en 1:45.59, alors que son compatriote Nicholas Kipkoech a compl\u00e9t\u00e9 le podium, avec un chrono de [&hellip;]<\/p>\n","protected":false},"author":1790,"featured_media":46864,"comment_status":"closed","ping_status":"closed","sticky":false,"template":"","format":"standard","meta":{"fifu_image_url":"","fifu_image_alt":"","footnotes":""},"categories":[53,75],"tags":[],"class_list":["post-46863","post","type-post","status-publish","format-standard","has-post-thumbnail","hentry","category-algerie","category-sport"],"_links":{"self":[{"href":"https:\/\/linitiative.ca\/International\/wp-json\/wp\/v2\/posts\/46863","targetHints":{"allow":["GET"]}}],"collection":[{"href":"https:\/\/linitiative.ca\/International\/wp-json\/wp\/v2\/posts"}],"about":[{"href":"https:\/\/linitiative.ca\/International\/wp-json\/wp\/v2\/types\/post"}],"author":[{"embeddable":true,"href":"https:\/\/linitiative.ca\/International\/wp-json\/wp\/v2\/users\/1790"}],"replies":[{"embeddable":true,"href":"https:\/\/linitiative.ca\/International\/wp-json\/wp\/v2\/comments?post=46863"}],"version-history":[{"count":0,"href":"https:\/\/linitiative.ca\/International\/wp-json\/wp\/v2\/posts\/46863\/revisions"}],"wp:featuredmedia":[{"embeddable":true,"href":"https:\/\/linitiative.ca\/International\/wp-json\/"}],"wp:attachment":[{"href":"https:\/\/linitiative.ca\/International\/wp-json\/wp\/v2\/media?parent=46863"}],"wp:term":[{"taxonomy":"category","embeddable":true,"href":"https:\/\/linitiative.ca\/International\/wp-json\/wp\/v2\/categories?post=46863"},{"taxonomy":"post_tag","embeddable":true,"href":"https:\/\/linitiative.ca\/International\/wp-json\/wp\/v2\/tags?post=46863"}],"curies":[{"name":"wp","href":"https:\/\/api.w.org\/{rel}","templated":true}]}}