{"id":46865,"date":"2019-07-17T10:43:29","date_gmt":"2019-07-17T14:43:29","guid":{"rendered":"https:\/\/linitiative.ca\/International\/92069-can-2019-senegal-algerie-mane-mahrez-duel-a-distance-pour-le-ballon-d-or-africain\/"},"modified":"2019-07-17T10:43:29","modified_gmt":"2019-07-17T14:43:29","slug":"92069-can-2019-senegal-algerie-mane-mahrez-duel-a-distance-pour-le-ballon-d-or-africain","status":"publish","type":"post","link":"https:\/\/linitiative.ca\/International\/92069-can-2019-senegal-algerie-mane-mahrez-duel-a-distance-pour-le-ballon-d-or-africain\/","title":{"rendered":"CAN-2019\/S\u00e9n\u00e9gal-Alg\u00e9rie: Man\u00e9-Mahrez, duel \u00e0 distance pour le Ballon d\u2019or africain"},"content":{"rendered":"<div>\n<div class=\"K2FeedIntroText\">\n<p><strong>LE CAIRE &#8211; Consid\u00e9r\u00e9s comme les joueurs les plus en vue de la Coupe d\u2019Afrique des nations CAN-2019 de football, l\u2019ailier droit alg\u00e9rien Riyad Mahrez et l\u2019attaquant s\u00e9n\u00e9galais Sadio Man\u00e9, vont se livrer vendredi un duel \u00e0 distance pour le Ballon d\u2019or africain, \u00e0 l\u2019occasion de la finale entre leurs deux s\u00e9lections au stade international du Caire (20h00).<\/strong><\/p>\n<\/div>\n<div class=\"K2FeedFullText\">\n<p>Les deux joueurs qui ont pu porter leurs \u00e9quipes au dernier stade de cette 32 \u00e9dition, ont r\u00e9ussi jusque-l\u00e0 un parcours \u00e0 la hauteur de leur talent, parvenant chacun \u00e0 marquer 3 buts depuis le d\u00e9but du tournoi.<\/p>\n<p>En l\u2019absence de l\u2019ailier \u00e9gyptien et star de Liverpool, Mohamed Salah, \u00e9limin\u00e9 sans gloire avec les \u00ab\u00a0Pharaons\u00a0\u00bb en 1\/8 de finale par l\u2019Afrique du Sud (1-0), Mahrez et San\u00e9 sont bien l\u00e0 pour relever leur dernier d\u00e9fi, celui de mener leurs pays au sacre final et surtout franchir un pas d\u00e9cisif pour s\u2019adjuger le Ballon d\u2019or africain 2019 de la CAF sur le plan personnel.<\/p>\n<p>Sadio Man\u00e9 partira jusque-l\u00e0 favori gr\u00e2ce \u00e0 la Ligue des champions d\u2019Europe remport\u00e9 sous les couleurs des \u00ab\u00a0Reds\u00a0\u00bb de Liverpool, mais \u00e9galement son titre de co-meilleur buteur de la Premier League anglaise, remport\u00e9 conjointement avec son co\u00e9quipier en club Mohamed Salah et l\u2019attaquant gabonais d\u2019Arsenal, Pierre-Emerick Aubameyang, avec 22 buts chacun.<\/p>\n<p>\u00a0<\/p>\n<p style=\"text-align: center;\"><strong>Une finale pour d\u00e9partager les deux cracks<\/strong><\/p>\n<p>\u00a0<\/p>\n<p>L\u2019enfant terrible de S\u00e9dhiou (Sud-Ouest du S\u00e9n\u00e9gal) a \u00e9galement re\u00e7u le prix du \u00ab\u00a0Onze d\u2019Or 2019\u00a0\u00bb, r\u00e9compensant le meilleur joueur en Europe, d\u00e9cern\u00e9 par le magazine fran\u00e7ais Onze Mondial. Il devient le premier joueur africain \u00e0 recevoir cette distinction depuis l\u2019Ivoirien Didier Drogba en 2004. Seuls le Lib\u00e9rien Georges Weah (en 1995) et Drogba avaient r\u00e9ussi cette prouesse parmi les joueurs du continent africain.<\/p>\n<p>Ayant accompli une saison mi-figue mi-raisin sous le maillot de Manchester City (Premier League), avec toutefois un bilan de 12 buts et 12 passes d\u00e9cisives, toutes comp\u00e9titions confondues, Mahrez est en train de r\u00e9ussir \u00ab\u00a0sa\u00a0\u00bb CAN de la plus belle des mani\u00e8res, parvenant \u00e0 signer 3 r\u00e9alisations, dont celle en demi-finales face au Nigeria (2-1) qui vaut son pesant d\u2019or.<\/p>\n<p>\u00ab\u00a0C&rsquo;est le but le plus important de ma carri\u00e8re depuis que j\u2019ai rejoint la s\u00e9lection\u00a0\u00bb, a-t-il tranch\u00e9.<\/p>\n<p>Vainqueur du tripl\u00e9 national (Premier League-Coupe d\u2019Angleterre-Coupe de la Ligue) avec les \u00ab\u00a0Cityzens\u00a0\u00bb, Mahrez, vainqueur du Ballon d\u2019or africain 2016, aura une belle occasion de faire basculer la balance en sa faveur, en cas de victoire finale vendredi face aux \u00ab\u00a0Lions de la Teranga\u00a0\u00bb.<\/p>\n<p>Outre l\u2019enjeu d\u2019un titre pour deux pays qui reviennent au-devant de la sc\u00e8ne continentale, Mahrez et Man\u00e9 vont disputer la \u00ab\u00a0belle\u00a0\u00bb dans la course au Ballon d\u2019or, dont l\u2019heureux \u00e9lu sera connu en janvier 2020.<\/p>\n<\/div>\n<p><img loading=\"lazy\" decoding=\"async\" src=\"http:\/\/feeds.feedburner.com\/~r\/aps-sport\/~4\/sbbUFktAOek\" height=\"1\" width=\"1\" alt=\"\"><\/div>\n<p>Auteur:<br \/>\n<a href=\"http:\/\/www.aps.dz\/sport\/92069-can-2019-senegal-algerie-mane-mahrez-duel-a-distance-pour-le-ballon-d-or-africain?utm_source=feedburner&#038;utm_medium=feed&#038;utm_campaign=Feed%3A+aps-sport+%28APS+-+SPORT%29\">Cliquez ici pour lire l&rsquo;article depuis sa source.<\/a><\/p>\n","protected":false},"excerpt":{"rendered":"<p>LE CAIRE &#8211; Consid\u00e9r\u00e9s comme les joueurs les plus en vue de la Coupe d\u2019Afrique des nations CAN-2019 de football, l\u2019ailier droit alg\u00e9rien Riyad Mahrez et l\u2019attaquant s\u00e9n\u00e9galais Sadio Man\u00e9, vont se livrer vendredi un duel \u00e0 distance pour le Ballon d\u2019or africain, \u00e0 l\u2019occasion de la finale entre leurs deux s\u00e9lections au stade international [&hellip;]<\/p>\n","protected":false},"author":1790,"featured_media":0,"comment_status":"closed","ping_status":"closed","sticky":false,"template":"","format":"standard","meta":{"fifu_image_url":"","fifu_image_alt":"","footnotes":""},"categories":[53,75],"tags":[],"class_list":["post-46865","post","type-post","status-publish","format-standard","hentry","category-algerie","category-sport"],"_links":{"self":[{"href":"https:\/\/linitiative.ca\/International\/wp-json\/wp\/v2\/posts\/46865","targetHints":{"allow":["GET"]}}],"collection":[{"href":"https:\/\/linitiative.ca\/International\/wp-json\/wp\/v2\/posts"}],"about":[{"href":"https:\/\/linitiative.ca\/International\/wp-json\/wp\/v2\/types\/post"}],"author":[{"embeddable":true,"href":"https:\/\/linitiative.ca\/International\/wp-json\/wp\/v2\/users\/1790"}],"replies":[{"embeddable":true,"href":"https:\/\/linitiative.ca\/International\/wp-json\/wp\/v2\/comments?post=46865"}],"version-history":[{"count":0,"href":"https:\/\/linitiative.ca\/International\/wp-json\/wp\/v2\/posts\/46865\/revisions"}],"wp:attachment":[{"href":"https:\/\/linitiative.ca\/International\/wp-json\/wp\/v2\/media?parent=46865"}],"wp:term":[{"taxonomy":"category","embeddable":true,"href":"https:\/\/linitiative.ca\/International\/wp-json\/wp\/v2\/categories?post=46865"},{"taxonomy":"post_tag","embeddable":true,"href":"https:\/\/linitiative.ca\/International\/wp-json\/wp\/v2\/tags?post=46865"}],"curies":[{"name":"wp","href":"https:\/\/api.w.org\/{rel}","templated":true}]}}