{"id":46866,"date":"2019-07-17T10:12:15","date_gmt":"2019-07-17T14:12:15","guid":{"rendered":"https:\/\/linitiative.ca\/International\/92070-can-2019-l-algerie-est-une-grande-equipe\/"},"modified":"2019-07-17T10:12:15","modified_gmt":"2019-07-17T14:12:15","slug":"92070-can-2019-l-algerie-est-une-grande-equipe","status":"publish","type":"post","link":"https:\/\/linitiative.ca\/International\/92070-can-2019-l-algerie-est-une-grande-equipe\/","title":{"rendered":"\u00a0CAN-2019 : \u00ab\u00a0L\u2019Alg\u00e9rie est une grande \u00e9quipe\u00a0\u00bb"},"content":{"rendered":"<div>\n<div class=\"K2FeedImage\"><img decoding=\"async\" src=\"http:\/\/www.aps.dz\/media\/k2\/items\/cache\/5a321fc9b5759c82400fdff883e1fb32_S.jpg\" alt=\"\u00a0CAN-2019 : \" l est une grande><\/div>\n<div class=\"K2FeedIntroText\">\n<p><strong>LE CAIRE- Le pr\u00e9sident de la F\u00e9d\u00e9ration internationale de football (Fifa), Gianni Infantino, n\u2019a pas tari d\u2019\u00e9loges sur la s\u00e9lection alg\u00e9rienne, qualifi\u00e9e pour la finale de la CAN-2019, pr\u00e9vue vendredi face au S\u00e9n\u00e9gal au stade international du Caire (20h00).<\/strong><\/p>\n<\/div>\n<div class=\"K2FeedFullText\">\n<p><strong>\u00ab\u00a0C\u2019est une grande \u00e9quipe, elle est en finale. F\u00e9licitations \u00e0 l\u2019Alg\u00e9rie, mais au S\u00e9n\u00e9gal aussi. Bonne chance \u00e0 tout le monde, surtout \u00e0 l\u2019arbitre (rires)\u00a0\u00bb<\/strong>, a r\u00e9sum\u00e9 Infantino dans une br\u00e8ve d\u00e9claration accord\u00e9e \u00e0 la\u00a0presse en pr\u00e9sence de l&rsquo;APS, mercredi au Caire.<\/p>\n<p>L&rsquo;\u00e9quipe nationale a r\u00e9alis\u00e9 jusque-l\u00e0 un parcours sans-faute, remportant l&rsquo;ensemble de ses six matchs disput\u00e9s depuis le d\u00e9but de la comp\u00e9tition.<\/p>\n<p>Les \u00ab\u00a0Verts\u00a0\u00bb se sont qualifi\u00e9s pour la finale en dominant le Nigeria (2-1), gr\u00e2ce notamment \u00e0 un but inscrit dans le temps additionnel par Riyad Mahrez.<\/p>\n<p>Le pr\u00e9sident de l\u2019instance mondiale a rejoint la capitale \u00e9gyptienne pour assister d\u2019abord au match de classement pour la troisi\u00e8me place pr\u00e9vu mercredi soir entre la Tunisie et le Nigeria, puis \u00e0 la finale tant\u00a0attendue vendredi entre l\u2019Alg\u00e9rie et le S\u00e9n\u00e9gal.<\/p>\n<p>En marge de sa visite, le pr\u00e9sident de la Fifa rencontrera des pr\u00e9sidents de f\u00e9d\u00e9rations nationales et assistera aux travaux de l\u2019assembl\u00e9e ordinaire de la Conf\u00e9d\u00e9ration africaine (CAF) pr\u00e9vus jeudi au Caire.<\/p>\n<p>La Fifa a d\u00e9cid\u00e9 de mettre sous tutelle la CAF \u00e0 partir du 1e ao\u00fbt prochain. La secr\u00e9taire g\u00e9n\u00e9rale de la Fifa, la S\u00e9n\u00e9galaise Fatma Samoura, a \u00e9t\u00e9 d\u00e9sign\u00e9e en tant que d\u00e9l\u00e9gu\u00e9e-g\u00e9n\u00e9rale de la Fifa pour l\u2019Afrique, avec la mission de mener un audit g\u00e9n\u00e9ral de la CAF, confront\u00e9e \u00e0 des probl\u00e8mes depuis quelques mois.<\/p>\n<\/div>\n<p><img loading=\"lazy\" decoding=\"async\" src=\"http:\/\/feeds.feedburner.com\/~r\/aps-sport\/~4\/dd6dVI0AZz8\" height=\"1\" width=\"1\" alt=\"\"><\/div>\n<p>Auteur:<br \/>\n<a href=\"http:\/\/www.aps.dz\/sport\/92070-can-2019-l-algerie-est-une-grande-equipe?utm_source=feedburner&#038;utm_medium=feed&#038;utm_campaign=Feed%3A+aps-sport+%28APS+-+SPORT%29\">Cliquez ici pour lire l&rsquo;article depuis sa source.<\/a><\/p>\n","protected":false},"excerpt":{"rendered":"<p>LE CAIRE- Le pr\u00e9sident de la F\u00e9d\u00e9ration internationale de football (Fifa), Gianni Infantino, n\u2019a pas tari d\u2019\u00e9loges sur la s\u00e9lection alg\u00e9rienne, qualifi\u00e9e pour la finale de la CAN-2019, pr\u00e9vue vendredi face au S\u00e9n\u00e9gal au stade international du Caire (20h00). \u00ab\u00a0C\u2019est une grande \u00e9quipe, elle est en finale. F\u00e9licitations \u00e0 l\u2019Alg\u00e9rie, mais au S\u00e9n\u00e9gal aussi. Bonne [&hellip;]<\/p>\n","protected":false},"author":1790,"featured_media":46867,"comment_status":"closed","ping_status":"closed","sticky":false,"template":"","format":"standard","meta":{"fifu_image_url":"","fifu_image_alt":"","footnotes":""},"categories":[53,75],"tags":[],"class_list":["post-46866","post","type-post","status-publish","format-standard","has-post-thumbnail","hentry","category-algerie","category-sport"],"_links":{"self":[{"href":"https:\/\/linitiative.ca\/International\/wp-json\/wp\/v2\/posts\/46866","targetHints":{"allow":["GET"]}}],"collection":[{"href":"https:\/\/linitiative.ca\/International\/wp-json\/wp\/v2\/posts"}],"about":[{"href":"https:\/\/linitiative.ca\/International\/wp-json\/wp\/v2\/types\/post"}],"author":[{"embeddable":true,"href":"https:\/\/linitiative.ca\/International\/wp-json\/wp\/v2\/users\/1790"}],"replies":[{"embeddable":true,"href":"https:\/\/linitiative.ca\/International\/wp-json\/wp\/v2\/comments?post=46866"}],"version-history":[{"count":0,"href":"https:\/\/linitiative.ca\/International\/wp-json\/wp\/v2\/posts\/46866\/revisions"}],"wp:featuredmedia":[{"embeddable":true,"href":"https:\/\/linitiative.ca\/International\/wp-json\/"}],"wp:attachment":[{"href":"https:\/\/linitiative.ca\/International\/wp-json\/wp\/v2\/media?parent=46866"}],"wp:term":[{"taxonomy":"category","embeddable":true,"href":"https:\/\/linitiative.ca\/International\/wp-json\/wp\/v2\/categories?post=46866"},{"taxonomy":"post_tag","embeddable":true,"href":"https:\/\/linitiative.ca\/International\/wp-json\/wp\/v2\/tags?post=46866"}],"curies":[{"name":"wp","href":"https:\/\/api.w.org\/{rel}","templated":true}]}}