{"id":46868,"date":"2019-07-17T11:16:51","date_gmt":"2019-07-17T15:16:51","guid":{"rendered":"https:\/\/linitiative.ca\/International\/92075-volley-championnat-d-afrique-masculin-l-algerie-vise-une-place-sur-le-podium\/"},"modified":"2019-07-17T11:16:51","modified_gmt":"2019-07-17T15:16:51","slug":"92075-volley-championnat-d-afrique-masculin-l-algerie-vise-une-place-sur-le-podium","status":"publish","type":"post","link":"https:\/\/linitiative.ca\/International\/92075-volley-championnat-d-afrique-masculin-l-algerie-vise-une-place-sur-le-podium\/","title":{"rendered":"Volley\/Championnat d&rsquo;Afrique masculin: l&rsquo;Alg\u00e9rie vise une place sur le podium"},"content":{"rendered":"<div>\n<div class=\"K2FeedImage\"><img decoding=\"async\" src=\"http:\/\/www.aps.dz\/media\/k2\/items\/cache\/a6d77b69344dbdf46539598a074feb1d_S.jpg\" alt=\"Volley\/Championnat d'Afrique masculin: l'Alg\u00e9rie vise une place sur le podium\"><\/div>\n<div class=\"K2FeedIntroText\">\n<p><strong>ALGER &#8211; La s\u00e9lection alg\u00e9rienne de volley-ball prendra part \u00e0 la 22e \u00e9dition du Championnat d&rsquo;Afrique des nations, pr\u00e9vue \u00e0 Tunis (20-29 juillet), avec l&rsquo;ambition de figurer sur le podium final, a assur\u00e9 \u00e0 l&rsquo;APS l&rsquo;international Amine Oumessad.<\/strong><\/p>\n<\/div>\n<div class=\"K2FeedFullText\">\n<p>Le Six national, en stage permanent depuis la fin de saison sous la houlette d&rsquo;un nouveau staff technique dirig\u00e9 par l&rsquo;entra\u00eeneur cubain Raul Diago Izquierdo, a effectu\u00e9 la majorit\u00e9 de sa pr\u00e9paration \u00e0 Sou\u00efdania (Alger).<\/p>\n<p>\u00ab\u00a0Nous avons b\u00e9n\u00e9fici\u00e9 de deux mois de pr\u00e9paration avec un stage \u00e0 Cuba ponctu\u00e9 par quatre matchs amicaux avec leur s\u00e9lection U21. Dans l&rsquo;ensemble, la pr\u00e9paration s&rsquo;est d\u00e9roul\u00e9e dans de bonnes conditions, malgr\u00e9 le manque de matchs amicaux et le forfait de quelques joueurs \u00e0 cause des blessures\u00a0\u00bb, a indiqu\u00e9 Oumessad.<\/p>\n<p>L&rsquo;international alg\u00e9rien est \u00e9galement revenu sur les ambitions de la s\u00e9lection nationale et la communication avec le coach cubain : \u00ab\u00a0La communication avec le coach va de mieux en mieux. Ca n&rsquo;a pas toujours \u00e9t\u00e9 facile, mais l&rsquo;entra\u00eeneur a pris son temps pour conna\u00eetre la valeur de chaque joueur\u00a0\u00bb.<\/p>\n<p>\u00ab\u00a0Maintenant, nous sommes \u00e0 quelques jours du d\u00e9but du tournoi, l&rsquo;\u00e9quipe est concentr\u00e9e et d\u00e9termin\u00e9e \u00e0 aller chercher une place sur le podium et ainsi faire mieux que la derni\u00e8re \u00e9dition. Nous allons aborder la comp\u00e9tition match par match et monter en puissance tout au long du tournoi\u00a0\u00bb, a ajout\u00e9 le joueur du NR Bordj Bou Arr\u00e9ridj.<\/p>\n<p>Pour le programme avant le d\u00e9part, le volleyeur alg\u00e9rien a fait savoir que l&rsquo;\u00e9quipe sera en regroupement \u00e0 Sou\u00efdania jusqu&rsquo;au d\u00e9part \u00e0 Tunis, pr\u00e9vu vendredi.<\/p>\n<p>Lors de la derni\u00e8re \u00e9dition disput\u00e9e en Egypte en 2017, l&rsquo;Alg\u00e9rie avait termin\u00e9 au pied du podium, apr\u00e8s sa d\u00e9faite en match de classement face au Cameroun, alors que la Tunisie a remport\u00e9 le troph\u00e9e face \u00e0 l&rsquo;Egypte.<\/p>\n<p>\u00a0<\/p>\n<p style=\"text-align: center;\"><strong>Palmar\u00e8s du Championnat d&rsquo;Afrique des nations de volley-ball (seniors-messieurs), avant le d\u00e9but de la 22e \u00e9dition en Tunisie<\/strong><\/p>\n<p>\u00a0<\/p>\n<p>1967 : Tunisie<\/p>\n<p>1971 : Tunisie<\/p>\n<p>1976 : Egypte<\/p>\n<p>1979 : Tunisie<\/p>\n<p>1983 : Egypte<\/p>\n<p>1987 : Tunisie<\/p>\n<p>1989 : Cameroun<\/p>\n<p>1991 : Alg\u00e9rie<\/p>\n<p>1993 : Alg\u00e9rie<\/p>\n<p>1995 : Tunisie<\/p>\n<p>1997 : Tunisie<\/p>\n<p>1999 : Tunisie<\/p>\n<p>2001 : Cameroun<\/p>\n<p>2003 : Tunisie<\/p>\n<p>2005 : Egypte<\/p>\n<p>2007 : Egypte<\/p>\n<p>2009 : Egypte<\/p>\n<p>2011 : Egypte<\/p>\n<p>2013 : Egypte<\/p>\n<p>2015 : Egypte<\/p>\n<p>2017: Tunisie<\/p>\n<p>2019 : &#8230;&#8230;&#8230;..<\/p>\n<\/div>\n<p><img loading=\"lazy\" decoding=\"async\" src=\"http:\/\/feeds.feedburner.com\/~r\/aps-sport\/~4\/qQSWBlrK-WU\" height=\"1\" width=\"1\" alt=\"\"><\/div>\n<p>Auteur:<br \/>\n<a href=\"http:\/\/www.aps.dz\/sport\/92075-volley-championnat-d-afrique-masculin-l-algerie-vise-une-place-sur-le-podium?utm_source=feedburner&#038;utm_medium=feed&#038;utm_campaign=Feed%3A+aps-sport+%28APS+-+SPORT%29\">Cliquez ici pour lire l&rsquo;article depuis sa source.<\/a><\/p>\n","protected":false},"excerpt":{"rendered":"<p>ALGER &#8211; La s\u00e9lection alg\u00e9rienne de volley-ball prendra part \u00e0 la 22e \u00e9dition du Championnat d&rsquo;Afrique des nations, pr\u00e9vue \u00e0 Tunis (20-29 juillet), avec l&rsquo;ambition de figurer sur le podium final, a assur\u00e9 \u00e0 l&rsquo;APS l&rsquo;international Amine Oumessad. Le Six national, en stage permanent depuis la fin de saison sous la houlette d&rsquo;un nouveau staff [&hellip;]<\/p>\n","protected":false},"author":1790,"featured_media":46869,"comment_status":"closed","ping_status":"closed","sticky":false,"template":"","format":"standard","meta":{"fifu_image_url":"","fifu_image_alt":"","footnotes":""},"categories":[53,75],"tags":[],"class_list":["post-46868","post","type-post","status-publish","format-standard","has-post-thumbnail","hentry","category-algerie","category-sport"],"_links":{"self":[{"href":"https:\/\/linitiative.ca\/International\/wp-json\/wp\/v2\/posts\/46868","targetHints":{"allow":["GET"]}}],"collection":[{"href":"https:\/\/linitiative.ca\/International\/wp-json\/wp\/v2\/posts"}],"about":[{"href":"https:\/\/linitiative.ca\/International\/wp-json\/wp\/v2\/types\/post"}],"author":[{"embeddable":true,"href":"https:\/\/linitiative.ca\/International\/wp-json\/wp\/v2\/users\/1790"}],"replies":[{"embeddable":true,"href":"https:\/\/linitiative.ca\/International\/wp-json\/wp\/v2\/comments?post=46868"}],"version-history":[{"count":0,"href":"https:\/\/linitiative.ca\/International\/wp-json\/wp\/v2\/posts\/46868\/revisions"}],"wp:featuredmedia":[{"embeddable":true,"href":"https:\/\/linitiative.ca\/International\/wp-json\/"}],"wp:attachment":[{"href":"https:\/\/linitiative.ca\/International\/wp-json\/wp\/v2\/media?parent=46868"}],"wp:term":[{"taxonomy":"category","embeddable":true,"href":"https:\/\/linitiative.ca\/International\/wp-json\/wp\/v2\/categories?post=46868"},{"taxonomy":"post_tag","embeddable":true,"href":"https:\/\/linitiative.ca\/International\/wp-json\/wp\/v2\/tags?post=46868"}],"curies":[{"name":"wp","href":"https:\/\/api.w.org\/{rel}","templated":true}]}}