{"id":46870,"date":"2019-07-17T11:21:54","date_gmt":"2019-07-17T15:21:54","guid":{"rendered":"https:\/\/linitiative.ca\/International\/92077-can-2019-algerie-senegal-nous-sommes-favoris-sadio-mane\/"},"modified":"2019-07-17T11:21:54","modified_gmt":"2019-07-17T15:21:54","slug":"92077-can-2019-algerie-senegal-nous-sommes-favoris-sadio-mane","status":"publish","type":"post","link":"https:\/\/linitiative.ca\/International\/92077-can-2019-algerie-senegal-nous-sommes-favoris-sadio-mane\/","title":{"rendered":"CAN-2019\/Alg\u00e9rie-S\u00e9n\u00e9gal: \u00a0\u00bb Nous sommes favoris\u00a0\u00bb (Sadio Man\u00e9)"},"content":{"rendered":"<div>\n<div class=\"K2FeedIntroText\">\n<p><strong>LE CAIRE &#8211; La vedette de la s\u00e9lection nationale du S\u00e9n\u00e9gal, Sadio Man\u00e9 a estim\u00e9 que son \u00e9quipe est \u00ab\u00a0favorite\u00a0\u00bb, pour le sacre final de la Coupe d&rsquo;Afrique des Nations de football (CAN-2019), lorsqu&rsquo;elle affrontera l&rsquo;Alg\u00e9rie en finale de la 32e \u00e9dition en Egypte, vendredi 20h00 (heure alg\u00e9rienne) au stade international du Caire.<\/strong><\/p>\n<\/div>\n<div class=\"K2FeedFullText\">\n<p>\u00a0\u00bb Sans pr\u00e9tention aucune, notre objectif depuis le d\u00e9but du tournoi, c\u2019\u00e9tait d\u2019arriver en finale. Nous sommes favoris. Je pense \u00eatre assez modeste pour le confirmer. Il faut \u00e0 un moment donn\u00e9 ne pas se voiler la face et dire les choses telles qu\u2019elles sont. Maintenant, nous avons la chance d\u2019\u00eatre l\u00e0, et nous devons la saisir\u00a0\u00bb, a d\u00e9clar\u00e9 Sadio Man\u00e9 dans un entretien \u00e0 la BBC.<\/p>\n<p>\u00a0\u00bb On est vraiment conscients de cela. Maintenant, on est en finale, il n\u2019y a plus de calcul. Il faut se donner \u00e0 fond et aller chercher la coupe. C\u2019est \u00e9vident que la pression soit pr\u00e9sente dans l\u2019esprit des S\u00e9n\u00e9galais, c\u2019est normal et c\u2019est ce qui fait la beaut\u00e9 du foot\u00a0\u00bb, a ajout\u00e9 l&rsquo;ailier de 26 ans.<\/p>\n<p>Revenant sur le match qui avait oppos\u00e9 les deux \u00e9quipes en phase de poules (victoire de la l&rsquo;Alg\u00e9rie 1-0), Sadio Man\u00e9 a indiqu\u00e9:\u00a0 \u00ab\u00a0Je n\u2019aime pas trouver des excuses (accusant l&rsquo;arbitrage), mais tout le monde a constat\u00e9 ce qui s\u2019est pass\u00e9 dans ce match. On est conscients qu\u2019ils (Alg\u00e9riens) nous ont battus. On aimerait bien remporter ce match\u00a0\u00bb.<\/p>\n<p>Pour la rencontre de vendredi, le S\u00e9n\u00e9gal sera amoindri par l&rsquo;absence du solide d\u00e9fenseur de Naples\u00a0 Kalidou Koulibaly (suspendu). \u00ab\u00a0C\u2019est dommage que nous soyons sans Kalidou, il est vital dans cette \u00e9quipe, c\u2019est un leader qui donne beaucoup, sur et en dehors du terrain. Nous jouerons \u00e9galement pour lui.\u00a0\u00bb, a conclu le joueur des Reds de Liverpool, tout en esp\u00e9rant que cela procurera au contraire une motivation suppl\u00e9mentaire pour ses co\u00e9quipiers.<\/p>\n<\/div>\n<p><img loading=\"lazy\" decoding=\"async\" src=\"http:\/\/feeds.feedburner.com\/~r\/aps-sport\/~4\/FxKLAkp0XcQ\" height=\"1\" width=\"1\" alt=\"\"><\/div>\n<p>Auteur:<br \/>\n<a href=\"http:\/\/www.aps.dz\/sport\/92077-can-2019-algerie-senegal-nous-sommes-favoris-sadio-mane?utm_source=feedburner&#038;utm_medium=feed&#038;utm_campaign=Feed%3A+aps-sport+%28APS+-+SPORT%29\">Cliquez ici pour lire l&rsquo;article depuis sa source.<\/a><\/p>\n","protected":false},"excerpt":{"rendered":"<p>LE CAIRE &#8211; La vedette de la s\u00e9lection nationale du S\u00e9n\u00e9gal, Sadio Man\u00e9 a estim\u00e9 que son \u00e9quipe est \u00ab\u00a0favorite\u00a0\u00bb, pour le sacre final de la Coupe d&rsquo;Afrique des Nations de football (CAN-2019), lorsqu&rsquo;elle affrontera l&rsquo;Alg\u00e9rie en finale de la 32e \u00e9dition en Egypte, vendredi 20h00 (heure alg\u00e9rienne) au stade international du Caire. \u00a0\u00bb Sans [&hellip;]<\/p>\n","protected":false},"author":1790,"featured_media":0,"comment_status":"closed","ping_status":"closed","sticky":false,"template":"","format":"standard","meta":{"fifu_image_url":"","fifu_image_alt":"","footnotes":""},"categories":[53,75],"tags":[],"class_list":["post-46870","post","type-post","status-publish","format-standard","hentry","category-algerie","category-sport"],"_links":{"self":[{"href":"https:\/\/linitiative.ca\/International\/wp-json\/wp\/v2\/posts\/46870","targetHints":{"allow":["GET"]}}],"collection":[{"href":"https:\/\/linitiative.ca\/International\/wp-json\/wp\/v2\/posts"}],"about":[{"href":"https:\/\/linitiative.ca\/International\/wp-json\/wp\/v2\/types\/post"}],"author":[{"embeddable":true,"href":"https:\/\/linitiative.ca\/International\/wp-json\/wp\/v2\/users\/1790"}],"replies":[{"embeddable":true,"href":"https:\/\/linitiative.ca\/International\/wp-json\/wp\/v2\/comments?post=46870"}],"version-history":[{"count":0,"href":"https:\/\/linitiative.ca\/International\/wp-json\/wp\/v2\/posts\/46870\/revisions"}],"wp:attachment":[{"href":"https:\/\/linitiative.ca\/International\/wp-json\/wp\/v2\/media?parent=46870"}],"wp:term":[{"taxonomy":"category","embeddable":true,"href":"https:\/\/linitiative.ca\/International\/wp-json\/wp\/v2\/categories?post=46870"},{"taxonomy":"post_tag","embeddable":true,"href":"https:\/\/linitiative.ca\/International\/wp-json\/wp\/v2\/tags?post=46870"}],"curies":[{"name":"wp","href":"https:\/\/api.w.org\/{rel}","templated":true}]}}