{"id":46875,"date":"2019-07-17T14:05:23","date_gmt":"2019-07-17T18:05:23","guid":{"rendered":"https:\/\/linitiative.ca\/International\/92093-football-can-2019-l-union-arabe-felicite-l-algerie-pours-sa-qualification-en-finale\/"},"modified":"2019-07-17T14:05:23","modified_gmt":"2019-07-17T18:05:23","slug":"92093-football-can-2019-l-union-arabe-felicite-l-algerie-pours-sa-qualification-en-finale","status":"publish","type":"post","link":"https:\/\/linitiative.ca\/International\/92093-football-can-2019-l-union-arabe-felicite-l-algerie-pours-sa-qualification-en-finale\/","title":{"rendered":"Football \/ CAN-2019 : l&rsquo;Union arabe f\u00e9licite l&rsquo;Alg\u00e9rie pours sa qualification en finale"},"content":{"rendered":"<div>\n<div class=\"K2FeedIntroText\">\n<p>RYAD- L&rsquo;Union arabe de football (UAFA), pr\u00e9sid\u00e9e par int\u00e9rim par l&rsquo;Alg\u00e9rien Mohamed Raouraoua, a adress\u00e9 un message de f\u00e9licitation \u00e0 la s\u00e9lection alg\u00e9rienne apr\u00e8s sa qualification en finale de la Coupe d&rsquo;Afrique des nations (CAN-2019), devant le Nigeria (2-1) dimanche dernier au stade International du Caire.<\/p>\n<\/div>\n<div class=\"K2FeedFullText\">\n<p>\u00ab\u00a0L&rsquo;UAFA f\u00e9licite l&rsquo;\u00e9quipe alg\u00e9rienne de football pour sa qualification en finale de la CAN-2019 et lui souhaite de la r\u00e9ussite dans sa qu\u00eate du troph\u00e9e, ainsi qu&rsquo;aux autres s\u00e9lections arabes dans les prochaines \u00e9ch\u00e9ances\u00a0\u00bb, a \u00e9crit l&rsquo;instance arabe sur son compte Twitter.<\/p>\n<p>La s\u00e9lection alg\u00e9rienne de football aura rendez-vous avec l\u2019histoire, vendredi contre le S\u00e9n\u00e9gal, en finale de la 32e Coupe d\u2019Afrique des nations (CAN-2019), au stade international du Caire (20h00 alg\u00e9riennes).<\/p>\n<p>L\u2019\u00e9quipe nationale s\u2019est qualifi\u00e9e pour la finale, en dominant le Nigeria (2-1), alors que le S\u00e9n\u00e9gal a \u00e9limin\u00e9 la Tunisie (1-0, a.p). Les deux \u00e9quipes se sont d\u00e9j\u00e0 affront\u00e9es en phase de poules, dans un match sold\u00e9 par une victoire des\u00a0 Verts (1-0).<\/p>\n<p>Cinq pays arabes ont pris part \u00e0 la CAN-2019. Il s&rsquo;agit de l&rsquo;Egypte\u00a0 (organisateur), le Maroc, la Tunisie, la Mauritanie et l&rsquo;Alg\u00e9rie.<\/p>\n<\/div>\n<p><img loading=\"lazy\" decoding=\"async\" src=\"http:\/\/feeds.feedburner.com\/~r\/aps-sport\/~4\/r5aFX31DLXY\" height=\"1\" width=\"1\" alt=\"\"><\/div>\n<p>Auteur:<br \/>\n<a href=\"http:\/\/www.aps.dz\/sport\/92093-football-can-2019-l-union-arabe-felicite-l-algerie-pours-sa-qualification-en-finale?utm_source=feedburner&#038;utm_medium=feed&#038;utm_campaign=Feed%3A+aps-sport+%28APS+-+SPORT%29\">Cliquez ici pour lire l&rsquo;article depuis sa source.<\/a><\/p>\n","protected":false},"excerpt":{"rendered":"<p>RYAD- L&rsquo;Union arabe de football (UAFA), pr\u00e9sid\u00e9e par int\u00e9rim par l&rsquo;Alg\u00e9rien Mohamed Raouraoua, a adress\u00e9 un message de f\u00e9licitation \u00e0 la s\u00e9lection alg\u00e9rienne apr\u00e8s sa qualification en finale de la Coupe d&rsquo;Afrique des nations (CAN-2019), devant le Nigeria (2-1) dimanche dernier au stade International du Caire. \u00ab\u00a0L&rsquo;UAFA f\u00e9licite l&rsquo;\u00e9quipe alg\u00e9rienne de football pour sa qualification [&hellip;]<\/p>\n","protected":false},"author":1790,"featured_media":0,"comment_status":"closed","ping_status":"closed","sticky":false,"template":"","format":"standard","meta":{"fifu_image_url":"","fifu_image_alt":"","footnotes":""},"categories":[53,75],"tags":[],"class_list":["post-46875","post","type-post","status-publish","format-standard","hentry","category-algerie","category-sport"],"_links":{"self":[{"href":"https:\/\/linitiative.ca\/International\/wp-json\/wp\/v2\/posts\/46875","targetHints":{"allow":["GET"]}}],"collection":[{"href":"https:\/\/linitiative.ca\/International\/wp-json\/wp\/v2\/posts"}],"about":[{"href":"https:\/\/linitiative.ca\/International\/wp-json\/wp\/v2\/types\/post"}],"author":[{"embeddable":true,"href":"https:\/\/linitiative.ca\/International\/wp-json\/wp\/v2\/users\/1790"}],"replies":[{"embeddable":true,"href":"https:\/\/linitiative.ca\/International\/wp-json\/wp\/v2\/comments?post=46875"}],"version-history":[{"count":0,"href":"https:\/\/linitiative.ca\/International\/wp-json\/wp\/v2\/posts\/46875\/revisions"}],"wp:attachment":[{"href":"https:\/\/linitiative.ca\/International\/wp-json\/wp\/v2\/media?parent=46875"}],"wp:term":[{"taxonomy":"category","embeddable":true,"href":"https:\/\/linitiative.ca\/International\/wp-json\/wp\/v2\/categories?post=46875"},{"taxonomy":"post_tag","embeddable":true,"href":"https:\/\/linitiative.ca\/International\/wp-json\/wp\/v2\/tags?post=46875"}],"curies":[{"name":"wp","href":"https:\/\/api.w.org\/{rel}","templated":true}]}}