{"id":46878,"date":"2019-07-17T13:30:00","date_gmt":"2019-07-17T17:30:00","guid":{"rendered":"https:\/\/linitiative.ca\/International\/tlemcen-plus-de-366-kg-de-kif-saisis-en-juin\/"},"modified":"2019-07-17T13:30:00","modified_gmt":"2019-07-17T17:30:00","slug":"tlemcen-plus-de-366-kg-de-kif-saisis-en-juin","status":"publish","type":"post","link":"https:\/\/linitiative.ca\/International\/tlemcen-plus-de-366-kg-de-kif-saisis-en-juin\/","title":{"rendered":"TLEMCEN : Plus de 366 kg  de kif saisis en juin"},"content":{"rendered":"<p><br id=\"sep_para_1\" class=\"sep_para access\"\/><\/p>\n<div id=\"para_1\" class=\"para_32192995 resize\">\n<div class=\"texte access firstletter\">Selon un communiqu\u00e9 \u00e9manant de la suret\u00e9 de wilaya de Tlemcen, le bilan du mois de juin dernier fait \u00e9tat de la saisie de 366 kg et 237 grammes de kif trait\u00e9 et le traitement par les \u00e9l\u00e9ments de la police judiciaire de 43 affaires ayant trait au trafic ainsi que la commercialisation de drogue ayant permis la saisie de ladite quantit\u00e9 ainsi que 434 comprim\u00e9es de psychotropes de diff\u00e9rentes marques.\u00a0 78 individus impliqu\u00e9s dans ces affaires ont \u00e9t\u00e9 appr\u00e9hend\u00e9s. Par ailleurs, les services de police et concernant les d\u00e9lits notamment les agressions contre les personnes et l\u2019atteinte \u00e0 leurs biens, ont trait\u00e9 266 affaires avec\u00a0 l\u2019interpellation dans ce cadre de 360 individus, pr\u00e9sent\u00e9s aux diff\u00e9rentes juridictions comp\u00e9tentes. Le bilan fait \u00e9tat \u00e9galement d\u2019un crime \u00e9lectronique impliquant un individu a \u00e9t\u00e9 enregistr\u00e9 durant le mois \u00e9coul\u00e9, conclut le communiqu\u00e9.\u00a0\u00a0<\/div>\n<\/div>\n<p>Auteur: H. Bouna<br \/>\n<a href=\"https:\/\/www.reflexiondz.net\/TLEMCEN-Plus-de-366-kg-de-kif-saisis-en-juin_a56639.html\">Cliquez ici pour lire l&rsquo;article depuis sa source.<\/a><\/p>\n","protected":false},"excerpt":{"rendered":"<p>Selon un communiqu\u00e9 \u00e9manant de la suret\u00e9 de wilaya de Tlemcen, le bilan du mois de juin dernier fait \u00e9tat de la saisie de 366 kg et 237 grammes de kif trait\u00e9 et le traitement par les \u00e9l\u00e9ments de la police judiciaire de 43 affaires ayant trait au trafic ainsi que la commercialisation de drogue [&hellip;]<\/p>\n","protected":false},"author":1740,"featured_media":0,"comment_status":"closed","ping_status":"closed","sticky":false,"template":"","format":"standard","meta":{"fifu_image_url":"","fifu_image_alt":"","footnotes":""},"categories":[53,76],"tags":[],"class_list":["post-46878","post","type-post","status-publish","format-standard","hentry","category-algerie","category-regions"],"_links":{"self":[{"href":"https:\/\/linitiative.ca\/International\/wp-json\/wp\/v2\/posts\/46878","targetHints":{"allow":["GET"]}}],"collection":[{"href":"https:\/\/linitiative.ca\/International\/wp-json\/wp\/v2\/posts"}],"about":[{"href":"https:\/\/linitiative.ca\/International\/wp-json\/wp\/v2\/types\/post"}],"author":[{"embeddable":true,"href":"https:\/\/linitiative.ca\/International\/wp-json\/wp\/v2\/users\/1740"}],"replies":[{"embeddable":true,"href":"https:\/\/linitiative.ca\/International\/wp-json\/wp\/v2\/comments?post=46878"}],"version-history":[{"count":0,"href":"https:\/\/linitiative.ca\/International\/wp-json\/wp\/v2\/posts\/46878\/revisions"}],"wp:attachment":[{"href":"https:\/\/linitiative.ca\/International\/wp-json\/wp\/v2\/media?parent=46878"}],"wp:term":[{"taxonomy":"category","embeddable":true,"href":"https:\/\/linitiative.ca\/International\/wp-json\/wp\/v2\/categories?post=46878"},{"taxonomy":"post_tag","embeddable":true,"href":"https:\/\/linitiative.ca\/International\/wp-json\/wp\/v2\/tags?post=46878"}],"curies":[{"name":"wp","href":"https:\/\/api.w.org\/{rel}","templated":true}]}}