{"id":46879,"date":"2019-07-17T13:30:00","date_gmt":"2019-07-17T17:30:00","guid":{"rendered":"https:\/\/linitiative.ca\/International\/bilan-mensuel-de-la-police-judiciaire-criminalite-en-baisse-a-sidi-bel-abbes\/"},"modified":"2019-07-17T13:30:00","modified_gmt":"2019-07-17T17:30:00","slug":"bilan-mensuel-de-la-police-judiciaire-criminalite-en-baisse-a-sidi-bel-abbes","status":"publish","type":"post","link":"https:\/\/linitiative.ca\/International\/bilan-mensuel-de-la-police-judiciaire-criminalite-en-baisse-a-sidi-bel-abbes\/","title":{"rendered":"BILAN MENSUEL DE LA POLICE JUDICIAIRE : Criminalit\u00e9 en baisse  \u00e0 Sidi Bel Abb\u00e8s"},"content":{"rendered":"<p><br id=\"sep_para_1\" class=\"sep_para access\"\/><\/p>\n<div id=\"para_1\" class=\"para_32192975 resize\">\n<div class=\"texte access firstletter\">116 affaires, selon le m\u00eame communiqu\u00e9, inh\u00e9rentes aux crimes et autres d\u00e9lits ont \u00e9t\u00e9 r\u00e9pertori\u00e9es, ciblant 143 personnes, dont 10 ont \u00e9t\u00e9 mises derri\u00e8re les barreaux. A cela\u00a0 s&rsquo;ajoute 64 affaires de crimes et d\u00e9lits financiers, impliquant 99 personnes dont 43 ont \u00e9t\u00e9 mis en d\u00e9tention provisoire.\u00a0 Dans le registre des biens publics, 40 affaires ont \u00e9t\u00e9 inscrites par les m\u00eames services impliquant 58 personnes dont 18 ont \u00e9t\u00e9 mises \u00e0 l\u2019ombre, ainsi que le traitement de 33 affaires de stup, ayant concern\u00e9 41 personnes;22 d&rsquo;entre elles ont \u00e9t\u00e9 plac\u00e9es sous mandat de d\u00e9p\u00f4t par le procureur.\u00a0\u00a0 Les conflits \u00e0 caract\u00e8res familiaux et moraux ont touch\u00e9 16 affaires, impliquant 29 individus dont 13 ont \u00e9t\u00e9\u00a0 incarc\u00e9r\u00e9s. Lors de 47 op\u00e9rations de police ex\u00e9cut\u00e9es dans les quartiers n\u00e9vralgiques, 700 personnes ont \u00e9t\u00e9 arr\u00eat\u00e9es puis examin\u00e9es dont 68 \u00e9taient recherch\u00e9es et mises en cause dans des affaires de divers crimes, dont 36 ont \u00e9t\u00e9 \u00e9crou\u00e9es.<\/div>\n<\/div>\n<p>Auteur: N.M<br \/>\n<a href=\"https:\/\/www.reflexiondz.net\/BILAN-MENSUEL-DE-LA-POLICE-JUDICIAIRE-Criminalite-en-baisse-a-Sidi-Bel-Abbes_a56637.html\">Cliquez ici pour lire l&rsquo;article depuis sa source.<\/a><\/p>\n","protected":false},"excerpt":{"rendered":"<p>116 affaires, selon le m\u00eame communiqu\u00e9, inh\u00e9rentes aux crimes et autres d\u00e9lits ont \u00e9t\u00e9 r\u00e9pertori\u00e9es, ciblant 143 personnes, dont 10 ont \u00e9t\u00e9 mises derri\u00e8re les barreaux. A cela\u00a0 s&rsquo;ajoute 64 affaires de crimes et d\u00e9lits financiers, impliquant 99 personnes dont 43 ont \u00e9t\u00e9 mis en d\u00e9tention provisoire.\u00a0 Dans le registre des biens publics, 40 affaires [&hellip;]<\/p>\n","protected":false},"author":1740,"featured_media":0,"comment_status":"closed","ping_status":"closed","sticky":false,"template":"","format":"standard","meta":{"fifu_image_url":"","fifu_image_alt":"","footnotes":""},"categories":[53,76],"tags":[],"class_list":["post-46879","post","type-post","status-publish","format-standard","hentry","category-algerie","category-regions"],"_links":{"self":[{"href":"https:\/\/linitiative.ca\/International\/wp-json\/wp\/v2\/posts\/46879","targetHints":{"allow":["GET"]}}],"collection":[{"href":"https:\/\/linitiative.ca\/International\/wp-json\/wp\/v2\/posts"}],"about":[{"href":"https:\/\/linitiative.ca\/International\/wp-json\/wp\/v2\/types\/post"}],"author":[{"embeddable":true,"href":"https:\/\/linitiative.ca\/International\/wp-json\/wp\/v2\/users\/1740"}],"replies":[{"embeddable":true,"href":"https:\/\/linitiative.ca\/International\/wp-json\/wp\/v2\/comments?post=46879"}],"version-history":[{"count":0,"href":"https:\/\/linitiative.ca\/International\/wp-json\/wp\/v2\/posts\/46879\/revisions"}],"wp:attachment":[{"href":"https:\/\/linitiative.ca\/International\/wp-json\/wp\/v2\/media?parent=46879"}],"wp:term":[{"taxonomy":"category","embeddable":true,"href":"https:\/\/linitiative.ca\/International\/wp-json\/wp\/v2\/categories?post=46879"},{"taxonomy":"post_tag","embeddable":true,"href":"https:\/\/linitiative.ca\/International\/wp-json\/wp\/v2\/tags?post=46879"}],"curies":[{"name":"wp","href":"https:\/\/api.w.org\/{rel}","templated":true}]}}