{"id":46880,"date":"2019-07-17T13:47:00","date_gmt":"2019-07-17T17:47:00","guid":{"rendered":"https:\/\/linitiative.ca\/International\/affaire-kia-mahdjoub-bedda-place-sous-mandat-de-depot\/"},"modified":"2019-07-17T13:47:00","modified_gmt":"2019-07-17T17:47:00","slug":"affaire-kia-mahdjoub-bedda-place-sous-mandat-de-depot","status":"publish","type":"post","link":"https:\/\/linitiative.ca\/International\/affaire-kia-mahdjoub-bedda-place-sous-mandat-de-depot\/","title":{"rendered":"AFFAIRE KIA : Mahdjoub Bedda plac\u00e9  sous mandat de d\u00e9p\u00f4t"},"content":{"rendered":"<p><br id=\"sep_para_1\" class=\"sep_para access\"\/><\/p>\n<div id=\"para_1\" class=\"para_32193169 resize\">\n<div class=\"texte access firstletter\">Mahdjoub Bedda est accus\u00e9 d\u2019accorder des privil\u00e8ges indus \u00e0 des constructeurs automobiles, notamment dans l\u2019affaire du propri\u00e9taire de la marque \u00ab KIA \u00bb, Hac\u00e8ne Arbaoui. Il est \u00e0 rappeler, 17 individus impliqu\u00e9s dans des faits \u00e0 caract\u00e8re p\u00e9nal avaient \u00e9t\u00e9 pr\u00e9sent\u00e9s, le 20 juin dernier, devant le Procureur de la R\u00e9publique pr\u00e8s le tribunal de Sidi M\u2019Hamed, dans le cadre de cette affaire. Apr\u00e8s avoir \u00e9t\u00e9 entendues sur les faits qui leur sont imput\u00e9s, \u00ab une enqu\u00eate judiciaire a \u00e9t\u00e9 ouverte \u00e0 l\u2019encontre de 14 personnes physiques \u00bb pour des crimes li\u00e9s aux \u00ab blanchiment d\u2019argent et transfert de biens obtenus par des faits de corruption \u00bb, et \u00ab b\u00e9n\u00e9fice du pouvoir et de l\u2019influence des agents de l\u2019Etat durant l\u2019\u00e9tablissement de contrats et de march\u00e9s \u00bb et \u00ab dilapidation des deniers publics \u00bb, pr\u00e9cisait un communiqu\u00e9 de cette juridiction. Ces crimes portent \u00e9galement sur \u00ab la participation \u00e0 la dilapidation et \u00e0 l\u2019utilisation de fonds de banque \u00bb, \u00ab abus de fonction intentionnel \u00e0 l\u2019effet d\u2019accorder d\u2019indus privil\u00e8ges \u00e0 autrui \u00bb, et \u00ab exercice d\u2019une activit\u00e9 professionnelle par un agent public dans une entreprise qu\u2019il est charg\u00e9 de contr\u00f4ler et conclusion de march\u00e9s avec la m\u00eame entreprise dans un d\u00e9lai inf\u00e9rieur \u00e0 deux (2) ans \u00bb. Les personnes poursuivies p\u00e9nalement sont: \u00ab l\u2019homme d\u2019affaires Hac\u00e8ne Arbaoui et deux de ses fr\u00e8res, cinq (5) fonctionnaires relevant du minist\u00e8re de l\u2019Industrie et des Mines, le directeur g\u00e9n\u00e9ral de la Banque nationale d\u2019Alg\u00e9rie (BNA), deux anciens directeurs de deux entreprises publiques, un chef de d\u00e9partement au sein d\u2019une entreprise publique et le pr\u00e9sident actuel d\u2019une APC ainsi qu\u2019un commer\u00e7ant \u00bb. Deux personnes morales ont \u00e9t\u00e9 \u00e9galement accus\u00e9es, \u00e0 savoir deux entreprises commerciales en rapport avec l\u2019activit\u00e9 du principal mis en cause. Notifi\u00e9 du dossier de l\u2019affaire, le juge d\u2019instruction, apr\u00e8s avoir entendu les pr\u00e9venus lors de la premi\u00e8re comparution, a d\u00e9cid\u00e9 de placer sept (7) personnes en d\u00e9tention provisoire. Il s\u2019agit de \u00ab l\u2019homme d\u2019affaires Hac\u00e8ne Arbaoui, de deux cadres actuels relevant du minist\u00e8re de l\u2019Industrie et des Mines, de deux fonctionnaires du m\u00eame minist\u00e8re, de l\u2019actuel directeur g\u00e9n\u00e9ral de la BNA, et d\u2019un ex-directeur d\u2019une entreprise \u00e9conomique publique \u00bb.<\/div>\n<\/div>\n<p>Auteur: Ismain<br \/>\n<a href=\"https:\/\/www.reflexiondz.net\/AFFAIRE-KIA-Mahdjoub-Bedda-place-sous-mandat-de-depot_a56652.html\">Cliquez ici pour lire l&rsquo;article depuis sa source.<\/a><\/p>\n","protected":false},"excerpt":{"rendered":"<p>Mahdjoub Bedda est accus\u00e9 d\u2019accorder des privil\u00e8ges indus \u00e0 des constructeurs automobiles, notamment dans l\u2019affaire du propri\u00e9taire de la marque \u00ab KIA \u00bb, Hac\u00e8ne Arbaoui. Il est \u00e0 rappeler, 17 individus impliqu\u00e9s dans des faits \u00e0 caract\u00e8re p\u00e9nal avaient \u00e9t\u00e9 pr\u00e9sent\u00e9s, le 20 juin dernier, devant le Procureur de la R\u00e9publique pr\u00e8s le tribunal de [&hellip;]<\/p>\n","protected":false},"author":1740,"featured_media":0,"comment_status":"closed","ping_status":"closed","sticky":false,"template":"","format":"standard","meta":{"fifu_image_url":"","fifu_image_alt":"","footnotes":""},"categories":[53,76],"tags":[],"class_list":["post-46880","post","type-post","status-publish","format-standard","hentry","category-algerie","category-regions"],"_links":{"self":[{"href":"https:\/\/linitiative.ca\/International\/wp-json\/wp\/v2\/posts\/46880","targetHints":{"allow":["GET"]}}],"collection":[{"href":"https:\/\/linitiative.ca\/International\/wp-json\/wp\/v2\/posts"}],"about":[{"href":"https:\/\/linitiative.ca\/International\/wp-json\/wp\/v2\/types\/post"}],"author":[{"embeddable":true,"href":"https:\/\/linitiative.ca\/International\/wp-json\/wp\/v2\/users\/1740"}],"replies":[{"embeddable":true,"href":"https:\/\/linitiative.ca\/International\/wp-json\/wp\/v2\/comments?post=46880"}],"version-history":[{"count":0,"href":"https:\/\/linitiative.ca\/International\/wp-json\/wp\/v2\/posts\/46880\/revisions"}],"wp:attachment":[{"href":"https:\/\/linitiative.ca\/International\/wp-json\/wp\/v2\/media?parent=46880"}],"wp:term":[{"taxonomy":"category","embeddable":true,"href":"https:\/\/linitiative.ca\/International\/wp-json\/wp\/v2\/categories?post=46880"},{"taxonomy":"post_tag","embeddable":true,"href":"https:\/\/linitiative.ca\/International\/wp-json\/wp\/v2\/tags?post=46880"}],"curies":[{"name":"wp","href":"https:\/\/api.w.org\/{rel}","templated":true}]}}