{"id":46881,"date":"2019-07-17T13:47:00","date_gmt":"2019-07-17T17:47:00","guid":{"rendered":"https:\/\/linitiative.ca\/International\/blida-le-directeur-de-la-cnr-mis-en-detention-provisoire\/"},"modified":"2019-07-17T13:47:00","modified_gmt":"2019-07-17T17:47:00","slug":"blida-le-directeur-de-la-cnr-mis-en-detention-provisoire","status":"publish","type":"post","link":"https:\/\/linitiative.ca\/International\/blida-le-directeur-de-la-cnr-mis-en-detention-provisoire\/","title":{"rendered":"BLIDA : Le directeur de la CNR mis en d\u00e9tention provisoire"},"content":{"rendered":"<p><br id=\"sep_para_1\" class=\"sep_para access\"\/><\/p>\n<div id=\"para_1\" class=\"para_32193190 resize\">\n<div class=\"texte access firstletter\">Le juge d\u2019instruction pr\u00e8s le tribunal de Blida a plac\u00e9, ce mardi, le directeur de la caisse des retraites \u00e0 Blida, ainsi que cinq hauts cadres en d\u00e9tention provisoire. Le directeur de la caisse des retraites est accus\u00e9 de lourds chefs d\u2019inculpation, dont abus de fonction et dilapidation de l\u2019argent public. Les accus\u00e9s sont soup\u00e7onn\u00e9s de fraude en octroyant \u00e0 130 personnes une pension, suite \u00e0 des dossiers falsifi\u00e9s d\u00e9pos\u00e9s \u00e0 la caisse des retraites de Blida. L\u2019enqu\u00eate pr\u00e9liminaire ouverte sur dossier a montr\u00e9 que certains de ces b\u00e9n\u00e9ficiaires \u00e9taient d\u00e9c\u00e9d\u00e9s. L\u2019ancien ministre du Travail, Mourad Zamali, a \u00e9t\u00e9 convoqu\u00e9 avec d\u2019autres cadres du minist\u00e8re par le juge d\u2019instruction pour compara\u00eetre devant lui en tant que t\u00e9moin.<\/div>\n<\/div>\n<p>Auteur: Nadine<br \/>\n<a href=\"https:\/\/www.reflexiondz.net\/BLIDA-Le-directeur-de-la-CNR-mis-en-detention-provisoire_a56656.html\">Cliquez ici pour lire l&rsquo;article depuis sa source.<\/a><\/p>\n","protected":false},"excerpt":{"rendered":"<p>Le juge d\u2019instruction pr\u00e8s le tribunal de Blida a plac\u00e9, ce mardi, le directeur de la caisse des retraites \u00e0 Blida, ainsi que cinq hauts cadres en d\u00e9tention provisoire. Le directeur de la caisse des retraites est accus\u00e9 de lourds chefs d\u2019inculpation, dont abus de fonction et dilapidation de l\u2019argent public. Les accus\u00e9s sont soup\u00e7onn\u00e9s [&hellip;]<\/p>\n","protected":false},"author":1740,"featured_media":0,"comment_status":"closed","ping_status":"closed","sticky":false,"template":"","format":"standard","meta":{"fifu_image_url":"","fifu_image_alt":"","footnotes":""},"categories":[53,76],"tags":[],"class_list":["post-46881","post","type-post","status-publish","format-standard","hentry","category-algerie","category-regions"],"_links":{"self":[{"href":"https:\/\/linitiative.ca\/International\/wp-json\/wp\/v2\/posts\/46881","targetHints":{"allow":["GET"]}}],"collection":[{"href":"https:\/\/linitiative.ca\/International\/wp-json\/wp\/v2\/posts"}],"about":[{"href":"https:\/\/linitiative.ca\/International\/wp-json\/wp\/v2\/types\/post"}],"author":[{"embeddable":true,"href":"https:\/\/linitiative.ca\/International\/wp-json\/wp\/v2\/users\/1740"}],"replies":[{"embeddable":true,"href":"https:\/\/linitiative.ca\/International\/wp-json\/wp\/v2\/comments?post=46881"}],"version-history":[{"count":0,"href":"https:\/\/linitiative.ca\/International\/wp-json\/wp\/v2\/posts\/46881\/revisions"}],"wp:attachment":[{"href":"https:\/\/linitiative.ca\/International\/wp-json\/wp\/v2\/media?parent=46881"}],"wp:term":[{"taxonomy":"category","embeddable":true,"href":"https:\/\/linitiative.ca\/International\/wp-json\/wp\/v2\/categories?post=46881"},{"taxonomy":"post_tag","embeddable":true,"href":"https:\/\/linitiative.ca\/International\/wp-json\/wp\/v2\/tags?post=46881"}],"curies":[{"name":"wp","href":"https:\/\/api.w.org\/{rel}","templated":true}]}}