{"id":46882,"date":"2019-07-17T13:47:00","date_gmt":"2019-07-17T17:47:00","guid":{"rendered":"https:\/\/linitiative.ca\/International\/education-les-resultats-du-bac-annonces-aujourdhui\/"},"modified":"2019-07-17T13:47:00","modified_gmt":"2019-07-17T17:47:00","slug":"education-les-resultats-du-bac-annonces-aujourdhui","status":"publish","type":"post","link":"https:\/\/linitiative.ca\/International\/education-les-resultats-du-bac-annonces-aujourdhui\/","title":{"rendered":"EDUCATION : Les r\u00e9sultats du Bac annonc\u00e9s aujourd\u2019hui"},"content":{"rendered":"<p><br id=\"sep_para_1\" class=\"sep_para access\"\/><\/p>\n<div id=\"para_1\" class=\"para_32193187 resize\">\n<div class=\"texte access firstletter\">Le Minist\u00e8re de l\u2019\u00e9ducation nationale a annonc\u00e9 ce\u00a0 mardi 17 juillet, que les r\u00e9sultats du baccalaur\u00e9at 2019 seront affich\u00e9s aujourd\u2019hui, jeudi 18 juillet, rapporte Ennahar TV. C\u2019est donc aujourd\u2018hui jeudi 18 juillet que les candidats du baccalaur\u00e9at ayant pass\u00e9 les \u00e9preuves de la session\u00a0 2019 du 16 juin au 20 juin pourront\u00a0 conna\u00eetre les r\u00e9sultats qui seront accessibles \u00e0 partir de 18h00 sur le site internet (bac.onec.dz). Le Minist\u00e8re de l\u2019\u00e9ducation nationale a indiqu\u00e9 que les r\u00e9sultats du Bac 2019 seront affich\u00e9s le m\u00eame jour et la m\u00eame heure dans les lyc\u00e9es.\u00a0<\/div>\n<\/div>\n<p>Auteur: Nadine<br \/>\n<a href=\"https:\/\/www.reflexiondz.net\/EDUCATION-Les-resultats-du-Bac-annonces-aujourd-hui_a56655.html\">Cliquez ici pour lire l&rsquo;article depuis sa source.<\/a><\/p>\n","protected":false},"excerpt":{"rendered":"<p>Le Minist\u00e8re de l\u2019\u00e9ducation nationale a annonc\u00e9 ce\u00a0 mardi 17 juillet, que les r\u00e9sultats du baccalaur\u00e9at 2019 seront affich\u00e9s aujourd\u2019hui, jeudi 18 juillet, rapporte Ennahar TV. C\u2019est donc aujourd\u2018hui jeudi 18 juillet que les candidats du baccalaur\u00e9at ayant pass\u00e9 les \u00e9preuves de la session\u00a0 2019 du 16 juin au 20 juin pourront\u00a0 conna\u00eetre les r\u00e9sultats [&hellip;]<\/p>\n","protected":false},"author":1740,"featured_media":0,"comment_status":"closed","ping_status":"closed","sticky":false,"template":"","format":"standard","meta":{"fifu_image_url":"","fifu_image_alt":"","footnotes":""},"categories":[53,76],"tags":[],"class_list":["post-46882","post","type-post","status-publish","format-standard","hentry","category-algerie","category-regions"],"_links":{"self":[{"href":"https:\/\/linitiative.ca\/International\/wp-json\/wp\/v2\/posts\/46882","targetHints":{"allow":["GET"]}}],"collection":[{"href":"https:\/\/linitiative.ca\/International\/wp-json\/wp\/v2\/posts"}],"about":[{"href":"https:\/\/linitiative.ca\/International\/wp-json\/wp\/v2\/types\/post"}],"author":[{"embeddable":true,"href":"https:\/\/linitiative.ca\/International\/wp-json\/wp\/v2\/users\/1740"}],"replies":[{"embeddable":true,"href":"https:\/\/linitiative.ca\/International\/wp-json\/wp\/v2\/comments?post=46882"}],"version-history":[{"count":0,"href":"https:\/\/linitiative.ca\/International\/wp-json\/wp\/v2\/posts\/46882\/revisions"}],"wp:attachment":[{"href":"https:\/\/linitiative.ca\/International\/wp-json\/wp\/v2\/media?parent=46882"}],"wp:term":[{"taxonomy":"category","embeddable":true,"href":"https:\/\/linitiative.ca\/International\/wp-json\/wp\/v2\/categories?post=46882"},{"taxonomy":"post_tag","embeddable":true,"href":"https:\/\/linitiative.ca\/International\/wp-json\/wp\/v2\/tags?post=46882"}],"curies":[{"name":"wp","href":"https:\/\/api.w.org\/{rel}","templated":true}]}}