{"id":46883,"date":"2019-07-17T13:47:00","date_gmt":"2019-07-17T17:47:00","guid":{"rendered":"https:\/\/linitiative.ca\/International\/usine-peugeot-citroen-en-algerie-debut-des-travaux-dimanche-prochain\/"},"modified":"2019-07-17T13:47:00","modified_gmt":"2019-07-17T17:47:00","slug":"usine-peugeot-citroen-en-algerie-debut-des-travaux-dimanche-prochain","status":"publish","type":"post","link":"https:\/\/linitiative.ca\/International\/usine-peugeot-citroen-en-algerie-debut-des-travaux-dimanche-prochain\/","title":{"rendered":"USINE PEUGEOT-CITRO\u00cbN EN ALGERIE  : D\u00e9but des travaux  dimanche prochain"},"content":{"rendered":"<p><br id=\"sep_para_1\" class=\"sep_para access\"\/><\/p>\n<div id=\"para_1\" class=\"para_32193181 resize\">\n<div class=\"texte access firstletter\">Malgr\u00e9 les restrictions impos\u00e9es par le gouvernement aux usines de montage (CKD\/SKD), le constructeur automobile PSA a annonc\u00e9 le d\u00e9but des travaux de construction de l\u2019usine de montage des v\u00e9hicules Peugeot et Citro\u00ebn, \u00e0 Tafraoui, dans la wilaya d\u2019Oran, pour le 21 juillet 2019, rapporte ce mercredi le Quotidien d\u2019Oran. La c\u00e9r\u00e9monie sera pr\u00e9sid\u00e9e par Jean-Christophe Qu\u00e9mard, vice-pr\u00e9sident ex\u00e9cutif du groupe de la zone Moyen-Orient et Afrique, et sera \u00e9galement l\u2019occasion pour la signature des conventions avec les fournisseurs qui accompagneront le groupe PSA, dans ce projet, selon le m\u00eame m\u00e9dia. Plus d\u2019un an apr\u00e8s le scandale du d\u00e9tournement de terres agricoles qui avait d\u00e9fray\u00e9 la chronique et suscit\u00e9 tant de pol\u00e9mique, le projet de l\u2019implantation de l\u2019usine Peugeot qui a connu de nombreux rebondissements, peut enfin voir le jour. Initialement, l\u2019usine de montage de v\u00e9hicules du groupe PSA en Alg\u00e9rie devait \u00eatre implant\u00e9e dans la zone d\u2019El Hamoul, dans la commune d\u2019El Kerma, situ\u00e9e au sud d\u2019Oran. Mais en avril 2018, un agriculteur avait contest\u00e9, dans une vid\u00e9o, l\u2019attribution de son terrain, pour accueillir cette usine. Il avait accus\u00e9 les autorit\u00e9s locales d\u2019avoir d\u00e9tourn\u00e9 un terrain agricole pour les besoins d\u2019un projet d\u2019usine de montage automobile, ce qui avait oblig\u00e9 les autorit\u00e9s \u00e0 d\u00e9localiser l\u2019usine.\u00a0\u00a0\u00a0\u00a0\u00a0\u00a0\u00a0\u00a0\u00a0<\/div>\n<\/div>\n<p>Auteur: Nadine<br \/>\n<a href=\"https:\/\/www.reflexiondz.net\/USINE-PEUGEOT-CITROEN-EN-ALGERIE-Debut-des-travaux-dimanche-prochain_a56654.html\">Cliquez ici pour lire l&rsquo;article depuis sa source.<\/a><\/p>\n","protected":false},"excerpt":{"rendered":"<p>Malgr\u00e9 les restrictions impos\u00e9es par le gouvernement aux usines de montage (CKD\/SKD), le constructeur automobile PSA a annonc\u00e9 le d\u00e9but des travaux de construction de l\u2019usine de montage des v\u00e9hicules Peugeot et Citro\u00ebn, \u00e0 Tafraoui, dans la wilaya d\u2019Oran, pour le 21 juillet 2019, rapporte ce mercredi le Quotidien d\u2019Oran. La c\u00e9r\u00e9monie sera pr\u00e9sid\u00e9e par [&hellip;]<\/p>\n","protected":false},"author":1740,"featured_media":0,"comment_status":"closed","ping_status":"closed","sticky":false,"template":"","format":"standard","meta":{"fifu_image_url":"","fifu_image_alt":"","footnotes":""},"categories":[53,76],"tags":[],"class_list":["post-46883","post","type-post","status-publish","format-standard","hentry","category-algerie","category-regions"],"_links":{"self":[{"href":"https:\/\/linitiative.ca\/International\/wp-json\/wp\/v2\/posts\/46883","targetHints":{"allow":["GET"]}}],"collection":[{"href":"https:\/\/linitiative.ca\/International\/wp-json\/wp\/v2\/posts"}],"about":[{"href":"https:\/\/linitiative.ca\/International\/wp-json\/wp\/v2\/types\/post"}],"author":[{"embeddable":true,"href":"https:\/\/linitiative.ca\/International\/wp-json\/wp\/v2\/users\/1740"}],"replies":[{"embeddable":true,"href":"https:\/\/linitiative.ca\/International\/wp-json\/wp\/v2\/comments?post=46883"}],"version-history":[{"count":0,"href":"https:\/\/linitiative.ca\/International\/wp-json\/wp\/v2\/posts\/46883\/revisions"}],"wp:attachment":[{"href":"https:\/\/linitiative.ca\/International\/wp-json\/wp\/v2\/media?parent=46883"}],"wp:term":[{"taxonomy":"category","embeddable":true,"href":"https:\/\/linitiative.ca\/International\/wp-json\/wp\/v2\/categories?post=46883"},{"taxonomy":"post_tag","embeddable":true,"href":"https:\/\/linitiative.ca\/International\/wp-json\/wp\/v2\/tags?post=46883"}],"curies":[{"name":"wp","href":"https:\/\/api.w.org\/{rel}","templated":true}]}}