{"id":46884,"date":"2019-07-17T13:47:00","date_gmt":"2019-07-17T17:47:00","guid":{"rendered":"https:\/\/linitiative.ca\/International\/mahieddine-tahkout-zoukh-de-nouveau-devant-la-cour-supreme\/"},"modified":"2019-07-17T13:47:00","modified_gmt":"2019-07-17T17:47:00","slug":"mahieddine-tahkout-zoukh-de-nouveau-devant-la-cour-supreme","status":"publish","type":"post","link":"https:\/\/linitiative.ca\/International\/mahieddine-tahkout-zoukh-de-nouveau-devant-la-cour-supreme\/","title":{"rendered":"MAHIEDDINE TAHKOUT : Zoukh de nouveau  devant la Cour Supr\u00eame"},"content":{"rendered":"<p><br id=\"sep_para_1\" class=\"sep_para access\"\/><\/p>\n<div id=\"para_1\" class=\"para_32193178 resize\">\n<div class=\"texte access firstletter\">L\u2019ex-wali d\u2019Alger, Abdelkader Zoukh, sera auditionn\u00e9 une nouvelle fois par le Conseiller enqu\u00eateur de la Cour supr\u00eame aujourd\u2019hui, jeudi 18 juillet, a-t-on appris de source judiciaire. Plac\u00e9 sous contr\u00f4le judiciaire en juin dernier dans l\u2019affaire du magnat du BTP Ali Haddad, Abdelkader Zoukh compara\u00eetra de nouveau devant le Conseiller enqu\u00eateur dans le dossier de Mahieddine Tahkout. Dans ce m\u00eame dossier, c\u2019est l\u2019ancien Premier ministre Ahmed Ouyahia qui est cit\u00e9 comme octroy\u00e9, ill\u00e9galement, les plus importants avantages \u00e0 Mahieddine Tahkout. En d\u00e9but de semaine, l\u2019ancien ministre de l\u2019Industrie, Youcef Yousfi, a \u00e9t\u00e9 plac\u00e9 sous mandat de d\u00e9p\u00f4t et incarc\u00e9r\u00e9 \u00e0 la prison d\u2019El-Harrach dans le dossier Tahkout.\u00a0<\/div>\n<\/div>\n<p>Auteur: Smain<br \/>\n<a href=\"https:\/\/www.reflexiondz.net\/MAHIEDDINE-TAHKOUT-Zoukh-de-nouveau-devant-la-Cour-Supreme_a56653.html\">Cliquez ici pour lire l&rsquo;article depuis sa source.<\/a><\/p>\n","protected":false},"excerpt":{"rendered":"<p>L\u2019ex-wali d\u2019Alger, Abdelkader Zoukh, sera auditionn\u00e9 une nouvelle fois par le Conseiller enqu\u00eateur de la Cour supr\u00eame aujourd\u2019hui, jeudi 18 juillet, a-t-on appris de source judiciaire. Plac\u00e9 sous contr\u00f4le judiciaire en juin dernier dans l\u2019affaire du magnat du BTP Ali Haddad, Abdelkader Zoukh compara\u00eetra de nouveau devant le Conseiller enqu\u00eateur dans le dossier de Mahieddine [&hellip;]<\/p>\n","protected":false},"author":1740,"featured_media":0,"comment_status":"closed","ping_status":"closed","sticky":false,"template":"","format":"standard","meta":{"fifu_image_url":"","fifu_image_alt":"","footnotes":""},"categories":[53,76],"tags":[],"class_list":["post-46884","post","type-post","status-publish","format-standard","hentry","category-algerie","category-regions"],"_links":{"self":[{"href":"https:\/\/linitiative.ca\/International\/wp-json\/wp\/v2\/posts\/46884","targetHints":{"allow":["GET"]}}],"collection":[{"href":"https:\/\/linitiative.ca\/International\/wp-json\/wp\/v2\/posts"}],"about":[{"href":"https:\/\/linitiative.ca\/International\/wp-json\/wp\/v2\/types\/post"}],"author":[{"embeddable":true,"href":"https:\/\/linitiative.ca\/International\/wp-json\/wp\/v2\/users\/1740"}],"replies":[{"embeddable":true,"href":"https:\/\/linitiative.ca\/International\/wp-json\/wp\/v2\/comments?post=46884"}],"version-history":[{"count":0,"href":"https:\/\/linitiative.ca\/International\/wp-json\/wp\/v2\/posts\/46884\/revisions"}],"wp:attachment":[{"href":"https:\/\/linitiative.ca\/International\/wp-json\/wp\/v2\/media?parent=46884"}],"wp:term":[{"taxonomy":"category","embeddable":true,"href":"https:\/\/linitiative.ca\/International\/wp-json\/wp\/v2\/categories?post=46884"},{"taxonomy":"post_tag","embeddable":true,"href":"https:\/\/linitiative.ca\/International\/wp-json\/wp\/v2\/tags?post=46884"}],"curies":[{"name":"wp","href":"https:\/\/api.w.org\/{rel}","templated":true}]}}