{"id":46885,"date":"2019-07-17T13:47:00","date_gmt":"2019-07-17T17:47:00","guid":{"rendered":"https:\/\/linitiative.ca\/International\/turquie-un-algerien-poignarde-mortellement-son-compatriote\/"},"modified":"2019-07-17T13:47:00","modified_gmt":"2019-07-17T17:47:00","slug":"turquie-un-algerien-poignarde-mortellement-son-compatriote","status":"publish","type":"post","link":"https:\/\/linitiative.ca\/International\/turquie-un-algerien-poignarde-mortellement-son-compatriote\/","title":{"rendered":"TURQUIE : Un Alg\u00e9rien poignarde  mortellement son compatriote"},"content":{"rendered":"<p><br id=\"sep_para_1\" class=\"sep_para access\"\/><\/p>\n<div id=\"para_1\" class=\"para_32193093 resize\">\n<div class=\"texte access firstletter\">Un Alg\u00e9rien, \u00e2g\u00e9 de 39 ans, a \u00e9t\u00e9 mortellement poignard\u00e9, dans la ville d\u2019Izmir en Turquie, par son compatriote venu express\u00e9ment d\u2019Alg\u00e9rie pour perp\u00e9trer le meurtre. Le suspect, \u00e2g\u00e9 de 40 ans, a \u00e9t\u00e9 entendu dans le cadre de cette affaire, rapporte le quotidien arabophone Echorouk. Le mis en cause et la victime sont originaires de la ville de Constantine (397 km \u00e0 l\u2019est de la capitale Alger). Selon la m\u00eame source, un conflit d\u00fb \u00e0 une affaire de dette serait \u00e0 l\u2019origine du meurtre. En effet, la victime se serait volatilis\u00e9e apr\u00e8s avoir re\u00e7u une somme d\u2019argent pour importer des articles vestimentaires au pr\u00e9venu. S\u2019\u00e9tant procur\u00e9 son adresse, ce dernier a alors d\u00e9cid\u00e9 de voyager en Turquie afin de le retrouver et en d\u00e9coudre. \u00c0 la suite de leur rendez-vous, le d\u00e9biteur et le cr\u00e9ancier ne sont pas parvenus \u00e0 un accord. C\u2019est alors que le mis en cause s\u2019est saisi d\u2019une arme blanche et a poignard\u00e9 la victime dans le cou. Le suspect a d\u00e9cid\u00e9 de se d\u00e9barrasser du corps et de retourner \u00e0 Constantine, avant que la police turque ne le rattrape. Ce dernier a alors \u00e9t\u00e9 arr\u00eat\u00e9 et entendu dans le cadre de cette affaire. L\u2019enqu\u00eate n\u2019a toujours pas \u00e9t\u00e9 boucl\u00e9e, pr\u00e9cise la m\u00eame source.\u00a0<\/div>\n<\/div>\n<p>Auteur: Nadine<br \/>\n<a href=\"https:\/\/www.reflexiondz.net\/TURQUIE-Un-Algerien-poignarde-mortellement-son-compatriote_a56651.html\">Cliquez ici pour lire l&rsquo;article depuis sa source.<\/a><\/p>\n","protected":false},"excerpt":{"rendered":"<p>Un Alg\u00e9rien, \u00e2g\u00e9 de 39 ans, a \u00e9t\u00e9 mortellement poignard\u00e9, dans la ville d\u2019Izmir en Turquie, par son compatriote venu express\u00e9ment d\u2019Alg\u00e9rie pour perp\u00e9trer le meurtre. Le suspect, \u00e2g\u00e9 de 40 ans, a \u00e9t\u00e9 entendu dans le cadre de cette affaire, rapporte le quotidien arabophone Echorouk. Le mis en cause et la victime sont originaires [&hellip;]<\/p>\n","protected":false},"author":1740,"featured_media":0,"comment_status":"closed","ping_status":"closed","sticky":false,"template":"","format":"standard","meta":{"fifu_image_url":"","fifu_image_alt":"","footnotes":""},"categories":[53,76],"tags":[],"class_list":["post-46885","post","type-post","status-publish","format-standard","hentry","category-algerie","category-regions"],"_links":{"self":[{"href":"https:\/\/linitiative.ca\/International\/wp-json\/wp\/v2\/posts\/46885","targetHints":{"allow":["GET"]}}],"collection":[{"href":"https:\/\/linitiative.ca\/International\/wp-json\/wp\/v2\/posts"}],"about":[{"href":"https:\/\/linitiative.ca\/International\/wp-json\/wp\/v2\/types\/post"}],"author":[{"embeddable":true,"href":"https:\/\/linitiative.ca\/International\/wp-json\/wp\/v2\/users\/1740"}],"replies":[{"embeddable":true,"href":"https:\/\/linitiative.ca\/International\/wp-json\/wp\/v2\/comments?post=46885"}],"version-history":[{"count":0,"href":"https:\/\/linitiative.ca\/International\/wp-json\/wp\/v2\/posts\/46885\/revisions"}],"wp:attachment":[{"href":"https:\/\/linitiative.ca\/International\/wp-json\/wp\/v2\/media?parent=46885"}],"wp:term":[{"taxonomy":"category","embeddable":true,"href":"https:\/\/linitiative.ca\/International\/wp-json\/wp\/v2\/categories?post=46885"},{"taxonomy":"post_tag","embeddable":true,"href":"https:\/\/linitiative.ca\/International\/wp-json\/wp\/v2\/tags?post=46885"}],"curies":[{"name":"wp","href":"https:\/\/api.w.org\/{rel}","templated":true}]}}