{"id":46886,"date":"2019-07-17T13:47:00","date_gmt":"2019-07-17T17:47:00","guid":{"rendered":"https:\/\/linitiative.ca\/International\/enfants-en-detresse-106-centres-de-protection-dici-la-fin-de-lannee\/"},"modified":"2019-07-17T13:47:00","modified_gmt":"2019-07-17T17:47:00","slug":"enfants-en-detresse-106-centres-de-protection-dici-la-fin-de-lannee","status":"publish","type":"post","link":"https:\/\/linitiative.ca\/International\/enfants-en-detresse-106-centres-de-protection-dici-la-fin-de-lannee\/","title":{"rendered":"ENFANTS EN DETRESSE  : 106 centres de protection  d&rsquo;ici la fin de l&rsquo;ann\u00e9e"},"content":{"rendered":"<p><br id=\"sep_para_1\" class=\"sep_para access\"\/><\/p>\n<div id=\"para_1\" class=\"para_32193088 resize\">\n<div class=\"texte access firstletter\">Le r\u00e9seau national des \u00e9tablissements destin\u00e9s \u00e0 la protection et \u00e0 l&rsquo;assistance de l&rsquo;enfance en d\u00e9tresse sera renforc\u00e9 par des structures en cours de r\u00e9alisation, dans plusieurs wilayas, pour atteindre les 106 centres \u00e0 travers le pays d&rsquo;ici la fin de l&rsquo;ann\u00e9e, a indiqu\u00e9 le minist\u00e8re de la Solidarit\u00e9 nationale, de la Famille et de la Condition de la femme, dimanche, dans un communiqu\u00e9. A l&rsquo;occasion de la c\u00e9l\u00e9bration de la Journ\u00e9e nationale de l&rsquo;enfant, le minist\u00e8re de la Solidarit\u00e9 a fait \u00e9tat du renforcement du r\u00e9seau national des \u00e9tablissements destin\u00e9s \u00e0 la Protection de l&rsquo;enfance en d\u00e9tresse par deux centres \u00e0 Mila et El Tarf et de trois autres en cours de r\u00e9alisation \u00e0 Oran, Tipasa et Tissemsilt, pour atteindre, d&rsquo;ici la fin de l&rsquo;ann\u00e9e en cours, un total de 106 centres, \u00e0 travers le pays. Dans le cadre des efforts de l&rsquo;Etat pour la prise en charge de cette cat\u00e9gorie, le nombre des centres de protection des enfants en danger passera de 9 \u00e0 29 \u00e9tablissements, r\u00e9partis sur deux tranches d&rsquo;\u00e2ges (de 6 \u00e0 12 ans et de 13 \u00e0 18 ans).<\/div>\n<\/div>\n<p>Auteur: Nadine<br \/>\n<a href=\"https:\/\/www.reflexiondz.net\/ENFANTS-EN-DETRESSE-106-centres-de-protection-d-ici-la-fin-de-l-annee_a56650.html\">Cliquez ici pour lire l&rsquo;article depuis sa source.<\/a><\/p>\n","protected":false},"excerpt":{"rendered":"<p>Le r\u00e9seau national des \u00e9tablissements destin\u00e9s \u00e0 la protection et \u00e0 l&rsquo;assistance de l&rsquo;enfance en d\u00e9tresse sera renforc\u00e9 par des structures en cours de r\u00e9alisation, dans plusieurs wilayas, pour atteindre les 106 centres \u00e0 travers le pays d&rsquo;ici la fin de l&rsquo;ann\u00e9e, a indiqu\u00e9 le minist\u00e8re de la Solidarit\u00e9 nationale, de la Famille et de [&hellip;]<\/p>\n","protected":false},"author":1740,"featured_media":0,"comment_status":"closed","ping_status":"closed","sticky":false,"template":"","format":"standard","meta":{"fifu_image_url":"","fifu_image_alt":"","footnotes":""},"categories":[53,76],"tags":[],"class_list":["post-46886","post","type-post","status-publish","format-standard","hentry","category-algerie","category-regions"],"_links":{"self":[{"href":"https:\/\/linitiative.ca\/International\/wp-json\/wp\/v2\/posts\/46886","targetHints":{"allow":["GET"]}}],"collection":[{"href":"https:\/\/linitiative.ca\/International\/wp-json\/wp\/v2\/posts"}],"about":[{"href":"https:\/\/linitiative.ca\/International\/wp-json\/wp\/v2\/types\/post"}],"author":[{"embeddable":true,"href":"https:\/\/linitiative.ca\/International\/wp-json\/wp\/v2\/users\/1740"}],"replies":[{"embeddable":true,"href":"https:\/\/linitiative.ca\/International\/wp-json\/wp\/v2\/comments?post=46886"}],"version-history":[{"count":0,"href":"https:\/\/linitiative.ca\/International\/wp-json\/wp\/v2\/posts\/46886\/revisions"}],"wp:attachment":[{"href":"https:\/\/linitiative.ca\/International\/wp-json\/wp\/v2\/media?parent=46886"}],"wp:term":[{"taxonomy":"category","embeddable":true,"href":"https:\/\/linitiative.ca\/International\/wp-json\/wp\/v2\/categories?post=46886"},{"taxonomy":"post_tag","embeddable":true,"href":"https:\/\/linitiative.ca\/International\/wp-json\/wp\/v2\/tags?post=46886"}],"curies":[{"name":"wp","href":"https:\/\/api.w.org\/{rel}","templated":true}]}}