{"id":46898,"date":"2019-07-17T08:53:00","date_gmt":"2019-07-17T12:53:00","guid":{"rendered":"https:\/\/linitiative.ca\/International\/mohamed-adel-chehida-les-etats-nont-pas-damis-ils-nont-que-des-interets\/"},"modified":"2019-07-17T08:53:00","modified_gmt":"2019-07-17T12:53:00","slug":"mohamed-adel-chehida-les-etats-nont-pas-damis-ils-nont-que-des-interets","status":"publish","type":"post","link":"https:\/\/linitiative.ca\/International\/mohamed-adel-chehida-les-etats-nont-pas-damis-ils-nont-que-des-interets\/","title":{"rendered":"Mohamed Adel Chehida: Les \u00c9tats n&rsquo;ont pas d&rsquo;amis, ils n&rsquo;ont que des int\u00e9r\u00eats"},"content":{"rendered":"<p>Les r\u00eaves de ma g\u00e9n\u00e9ration \u00e9taient d\u2019arriver \u00e0 finir ses \u00e9tudes, de faire une exp\u00e9rience \u00e0 l\u2019\u00e9tranger et de rentrer en Tunisie avec un FCR pour y faire une carri\u00e8re. Je me rappelle tr\u00e8s bien de ces jours de 98 o\u00f9 avec mon ami Sofiane on r\u00eavait \u00e0 Paris \u00e0 la cit\u00e9 universitaire du boulevard Jourdan de rentrer b\u00e2tir quelque chose entre la m\u00e9decine et l&rsquo;informatique en Tunisie. C\u2019\u00e9tait au d\u00e9but du boom d\u2019internet. Sofiane, ing\u00e9nieur en informatique et t\u00e9l\u00e9communication form\u00e9 \u00e0 Toulouse est rentr\u00e9 il y a quelques ann\u00e9es pour monter sa boite \u00e0 Tunis, moi, j\u2019ai fait le choix de vivre ailleurs. Depuis, il a embauch\u00e9 au fur et \u00e0 mesure une cinquantaine d\u2019informaticiens. La derni\u00e8re fois sous l\u2019ombre d\u2019un arbre autour d\u2019un th\u00e9 \u00e0 la menthe il me racontait comment aujourd\u2019hui les jeunes informaticiens ont des facilit\u00e9s \u00e0 l\u2019ambassade de France pour avoir des visas et aller travailler en France. Personne ne peut les emp\u00eacher de quitter, notre probl\u00e8me est de les remplacer.<\/p>\n<p>A quoi r\u00eavent les jeunes et les moins jeunes tunisiens de nos jours ? La question du d\u00e9part des tunisiennes et des tunisiens, tout \u00e2ge compris, \u00e0 l\u2019\u00e9tranger est un sujet pol\u00e9mique. Est-ce une libert\u00e9, un droit ? Vous l\u2019avez s\u00fbrement remarqu\u00e9, depuis la proclamation des r\u00e9sultats du baccalaur\u00e9at, les journalistes interrogent les laur\u00e9ats sur leurs projets d\u2019avenir. Les r\u00e9ponses sont variables mais une immense majorit\u00e9 des laur\u00e9ats souhaitent poursuivre leurs \u00e9tudes \u00e0 l\u2019\u00e9tranger. Ce constat se v\u00e9rifie dans les cat\u00e9gories, du travailleur agricole au professeur d\u2019universit\u00e9 et sans projection de retour.<br \/>Ceci me fait penser qu\u2019il n\u2019y a pas de m\u00e9chants et de gentils Etats, chacun dans la position de l\u2019autre aurait agi pareil, il suffit de relire les livres d\u2019histoire. Seuls l\u2019envahisseur a chang\u00e9 de nom mais le principe est le m\u00eame.<\/p>\n<p>L\u2019extr\u00eame-droite en Europe et aux USA en jouent et exploitent le sujet de l\u2019immigration pour gagner des voix, sauf quand il s\u2019agit de l\u2019int\u00e9r\u00eat de l\u2019Etat, l\u2019immigration devient subitement bonne. Rappelons-nous de la c\u00e9l\u00e8bre phrase de Lord Palmerston \u00ab L\u2019Angleterre n\u2019a pas d\u2019amis ou d\u2019ennemis permanents ; elle n\u2019a que des int\u00e9r\u00eats permanents \u00bb s\u2019applique \u00e0 tous les pays. Malheurs \u00e0 ceux qui ne savent d\u00e9fendre leurs int\u00e9r\u00eats. (L\u2019exemple en cours les accords de l\u2019ALECA).<\/p>\n<p>Dans une excellente enqu\u00eate sur le ph\u00e9nom\u00e8ne des d\u00e9parts \u00e0 l\u2019\u00e9tranger dans le secteur informatique et communication intitul\u00e9e fuite des comp\u00e9tences \u00e0 l\u2019\u00e8re du digital et r\u00e9alis\u00e9e \u00e0 la demande de Infotica et le club DSI, M. Mustapha Mezghani nous apprend dans sa conf\u00e9rence pr\u00e9sent\u00e9e le d\u00e9cembre 2018 que le ph\u00e9nom\u00e8ne s\u2019est acc\u00e9l\u00e9r\u00e9 \u00e0 partir de 2014-2015 pour devenir particuli\u00e8rement inqui\u00e9tant ces trois derni\u00e8res ann\u00e9es*, le manque de gain pour les entreprises ainsi la difficult\u00e9 des investisseurs \u00e0 trouver la main d\u2019\u0153uvre qualifi\u00e9 (Voir figures).<\/p>\n<p><img decoding=\"async\" src=\"\/uploads\/FCK_files\/Fig-1(5).jpg\" alt=\"\" width=\"100%\" vspace=\"5\" hspace=\"5\" align=\"middle\"\/><\/p>\n<p class=\"c3\"><em><strong><span class=\"c2\">Le profil des candidats au d\u00e9part n\u2019est pas forc\u00e9ment celui que l\u2019on croit, ce n\u2019est pas des touts jeunes mais c\u2019est en majorit\u00e9 des hommes mari\u00e9s avec enfants, dipl\u00f4m\u00e9s en l\u2019occurrence ing\u00e9nieur dans cette \u00e9tude et ayant d\u00e9j\u00e0 une exp\u00e9rience professionnelle (Figure 2 \u2013 Comp\u00e9tences tunisiennes \u00e0 l\u2019\u00e9tranger).<\/span><\/strong><\/em><\/p>\n<p class=\"c3\"><em><strong><span class=\"c2\"><img decoding=\"async\" src=\"\/uploads\/FCK_files\/Fig-2(4).jpg\" width=\"100%\" vspace=\"5\" hspace=\"5\" align=\"middle\" alt=\"\"\/><br \/>Envisagez-vous de revenir en Tunisie<\/span><\/strong><\/em><\/p>\n<p class=\"c4\">Les relations entre les \u00c9tats ont toujours \u00e9t\u00e9 un rapport de forces. D\u2019une fa\u00e7on ou d\u2019une autre ceux qui ne savent pas pr\u00e9server leurs int\u00e9r\u00eats finissent toujours par se faire phagocyter par les puissants. De notre temps ce n\u2019est plus les hordes de cavaliers qui d\u00e9boulent sur les villes et les champs mais de doucereux accords entre chefs d\u2019\u00c9tats ent\u00e9rinent la main mise sur les ressources humaines et naturelles. A grand renfort de photos et de d\u00e9clarations mielleuses les faibles se font exploiter, c\u2019est moins sanglant mais les cons\u00e9quences sont comparables.<\/p>\n<p>La r\u00e9alit\u00e9 est cruelle. La question se pose comment doit-on faire pour conserver nos comp\u00e9tences et recr\u00e9er des richesses comme l\u2019a fait mon ami et bien d\u2019autres ? Et c\u2019est bien le r\u00f4le des gouvernements quel qu\u2019en soit l\u2019orientation d\u2019attirer nos concitoyens, cela doit rester une priorit\u00e9 comme celle d\u2019attirer les investisseurs car ce sont eux les cr\u00e9ateurs d\u2019emplois.<\/p>\n<p>Ce qui est fait aujourd\u2019hui est exactement le contraire de ce qui devrait l&rsquo;\u00eatre. Pour les plus jeunes, l\u2019Etat organise les d\u00e9parts massifs \u00e0 travers des stages et des formations en fin d\u2019\u00e9tudes mal organis\u00e9s. Pire, c\u2019est un march\u00e9 de dupes. Chacun connait les intentions de l\u2019autre et ferme les yeux. Non pas qu\u2019il faille couper avec l\u2019\u00e9tranger, mais il faut des structures, un projet, un suivi, des accords clairs avec les meilleures institutions internationales.<\/p>\n<p>Pour les anciens, la grille des salaires dans la fonction publique et dans le milieu acad\u00e9mique est ridicule. Il est impossible de retenir les comp\u00e9tences avec de telles offres et surtout de telles conditions de travail, M. Mezghani le d\u00e9montre bien*.<\/p>\n<p>Personne ne d\u00e9tient la v\u00e9rit\u00e9, mais certainement ceux qui ont eu l\u2019exp\u00e9rience de travailler \u00e0 l\u2019\u00e9tranger, c\u2019est tout d\u2019abord l\u2019absence de tracasseries bureaucratiques et la facilit\u00e9 \u00e0 s\u2019\u00e9panouir dans son m\u00e9tier, les encouragements \u00e0 la recherche qui sont les augments de fond qui poussent \u00e0 partir.\u00a0 Ensuite chacun souhaite travailler pour s\u2019assurer et garantir une vie d\u00e9cente \u00e0 sa famille ; Aujourd\u2019hui ni l\u2019\u00e9cole pour ses enfants ni la sant\u00e9 ne sont assur\u00e9es.<\/p>\n<p>Tout est li\u00e9 et interconnect\u00e9, notre gouvernement a fait perdre cinq au pays. Durant ces cinq ans des milliers de jeunes sont partis. L\u2019absence de vision politique claire et de projets pousse les jeunes \u00e0 partir, les r\u00e9sultats des \u00e9lections municipales du Bardo et le taux de participation est un camouflet au gouvernement qui est le premier responsable de cette d\u00e9senchantement.<br \/>Partir n\u2019est pas trahir, c\u2019est un droit et une libert\u00e9 essentielle.Il revient \u00e0 l\u2019Etat d\u2019\u00eatre attractif et de retenir les comp\u00e9tences. Esp\u00e9rons que les urnes mettront en place une majorit\u00e9 qui comprend ce que sont les relations entre les pays et qui d\u00e9fendra en cons\u00e9quence les int\u00e9r\u00eats de la Tunisie.<\/p>\n<p class=\"c5\"><strong>Mohamed Adel Chehida<\/strong><br \/>\u00a0<\/p>\n<p>Auteur:<br \/>\n<a href=\"https:\/\/www.leaders.com.tn\/article\/27520-les-etats-n-ont-pas-d-amis-ils-n-ont-que-des-interets\">Cliquez ici pour lire l&rsquo;article depuis sa source.<\/a><\/p>\n","protected":false},"excerpt":{"rendered":"<p>Les r\u00eaves de ma g\u00e9n\u00e9ration \u00e9taient d\u2019arriver \u00e0 finir ses \u00e9tudes, de faire une exp\u00e9rience \u00e0 l\u2019\u00e9tranger et de rentrer en Tunisie avec un FCR pour y faire une carri\u00e8re. Je me rappelle tr\u00e8s bien de ces jours de 98 o\u00f9 avec mon ami Sofiane on r\u00eavait \u00e0 Paris \u00e0 la cit\u00e9 universitaire du boulevard [&hellip;]<\/p>\n","protected":false},"author":1772,"featured_media":46899,"comment_status":"closed","ping_status":"closed","sticky":false,"template":"","format":"standard","meta":{"fifu_image_url":"","fifu_image_alt":"","footnotes":""},"categories":[73,55],"tags":[],"class_list":["post-46898","post","type-post","status-publish","format-standard","has-post-thumbnail","hentry","category-actualite","category-tunisie"],"_links":{"self":[{"href":"https:\/\/linitiative.ca\/International\/wp-json\/wp\/v2\/posts\/46898","targetHints":{"allow":["GET"]}}],"collection":[{"href":"https:\/\/linitiative.ca\/International\/wp-json\/wp\/v2\/posts"}],"about":[{"href":"https:\/\/linitiative.ca\/International\/wp-json\/wp\/v2\/types\/post"}],"author":[{"embeddable":true,"href":"https:\/\/linitiative.ca\/International\/wp-json\/wp\/v2\/users\/1772"}],"replies":[{"embeddable":true,"href":"https:\/\/linitiative.ca\/International\/wp-json\/wp\/v2\/comments?post=46898"}],"version-history":[{"count":0,"href":"https:\/\/linitiative.ca\/International\/wp-json\/wp\/v2\/posts\/46898\/revisions"}],"wp:featuredmedia":[{"embeddable":true,"href":"https:\/\/linitiative.ca\/International\/wp-json\/"}],"wp:attachment":[{"href":"https:\/\/linitiative.ca\/International\/wp-json\/wp\/v2\/media?parent=46898"}],"wp:term":[{"taxonomy":"category","embeddable":true,"href":"https:\/\/linitiative.ca\/International\/wp-json\/wp\/v2\/categories?post=46898"},{"taxonomy":"post_tag","embeddable":true,"href":"https:\/\/linitiative.ca\/International\/wp-json\/wp\/v2\/tags?post=46898"}],"curies":[{"name":"wp","href":"https:\/\/api.w.org\/{rel}","templated":true}]}}