{"id":46900,"date":"2019-07-17T09:20:00","date_gmt":"2019-07-17T13:20:00","guid":{"rendered":"https:\/\/linitiative.ca\/International\/ennahdha-victime-du-syndrome-de-nidaa-tounes\/"},"modified":"2019-07-17T09:20:00","modified_gmt":"2019-07-17T13:20:00","slug":"ennahdha-victime-du-syndrome-de-nidaa-tounes","status":"publish","type":"post","link":"https:\/\/linitiative.ca\/International\/ennahdha-victime-du-syndrome-de-nidaa-tounes\/","title":{"rendered":"Ennahdha, victime du syndrome de  Nidaa Toun\u00e8s"},"content":{"rendered":"<p>Le porte-parole d\u2019Ennahdh, Imed Kh\u00e9miri a beau nier\u00a0 \u00ab les fractures au sein d\u2019Ennahdha \u00bb, il a bien du mal \u00e0 couvrir les clameurs de protestation des t\u00eates de listes des \u00e9lections l\u00e9gislatives d\u00e9plac\u00e9s par \u00able fait du prince\u00bb alors qu&rsquo;on pensait que ces guerres d&rsquo;investiture \u00e9taient l&rsquo;apanage des partis profanes.<\/p>\n<p>Pour bien comprendre ce qui se passe \u00e0 Ennahdha, \u00e9coutons Hatem Boulabiar, membre du conseil de la choura : \u00ab Nous avons tenu des primaires en juin pour \u00e9lire nos t\u00eates de listes au l\u00e9gislatives. Il y a eu 5000 votants. Notre r\u00e8glement permet au pr\u00e9sident du parti de modifier 10% des t\u00eates de listes, soit trois seulement sur les trente trois t\u00eates de liste. Rached Ghannouchi en a modifi\u00e9 trente \u00bb(d\u00e9claration \u00e0 RTCI ce mercredi). Il s\u2019agit pour la plupart, de dirigeants historique du mouvement comme Mohamed Ben Salem, Abdelhamid Jlassi, d\u00e9plac\u00e9 \u00e0 Nabeul alors qu\u2019il \u00e9tait t\u00eate de liste \u00e0 Tunis 2 et Abdellatif Mekki \u00e9lu initialement t\u00eate de liste \u00e0 Tunis d\u00e9plac\u00e9 au Kef , au profit de Rached Ghannouchi lui-m\u00eame qui a tir\u00e9 apparemment un trait sur ses ambitions pr\u00e9sidentielles.\u00a0<\/p>\n<p><strong>Lire aussi<\/strong><\/p>\n<p><a href=\"https:\/\/www.leaders.com.tn\/article\/27514-apres-avoir-lorgne-carthage-rached-ghannouchi-pourrait-se-presenter-aux-legislatives\" target=\"_blank\" rel=\"noopener noreferrer\">Apr\u00e8s avoir lorgn\u00e9 Carthage Rached Ghannouchi pourrait se pr\u00e9senter aux l\u00e9gislatives<\/a><br \/>\u00a0<\/p>\n<p>Auteur:<br \/>\n<a href=\"https:\/\/www.leaders.com.tn\/article\/27521-ennahdha-victime-du-syndrome-de-nidaa-tounes\">Cliquez ici pour lire l&rsquo;article depuis sa source.<\/a><\/p>\n","protected":false},"excerpt":{"rendered":"<p>Le porte-parole d\u2019Ennahdh, Imed Kh\u00e9miri a beau nier\u00a0 \u00ab les fractures au sein d\u2019Ennahdha \u00bb, il a bien du mal \u00e0 couvrir les clameurs de protestation des t\u00eates de listes des \u00e9lections l\u00e9gislatives d\u00e9plac\u00e9s par \u00able fait du prince\u00bb alors qu&rsquo;on pensait que ces guerres d&rsquo;investiture \u00e9taient l&rsquo;apanage des partis profanes. Pour bien comprendre ce [&hellip;]<\/p>\n","protected":false},"author":1772,"featured_media":0,"comment_status":"closed","ping_status":"closed","sticky":false,"template":"","format":"standard","meta":{"fifu_image_url":"","fifu_image_alt":"","footnotes":""},"categories":[73,55],"tags":[],"class_list":["post-46900","post","type-post","status-publish","format-standard","hentry","category-actualite","category-tunisie"],"_links":{"self":[{"href":"https:\/\/linitiative.ca\/International\/wp-json\/wp\/v2\/posts\/46900","targetHints":{"allow":["GET"]}}],"collection":[{"href":"https:\/\/linitiative.ca\/International\/wp-json\/wp\/v2\/posts"}],"about":[{"href":"https:\/\/linitiative.ca\/International\/wp-json\/wp\/v2\/types\/post"}],"author":[{"embeddable":true,"href":"https:\/\/linitiative.ca\/International\/wp-json\/wp\/v2\/users\/1772"}],"replies":[{"embeddable":true,"href":"https:\/\/linitiative.ca\/International\/wp-json\/wp\/v2\/comments?post=46900"}],"version-history":[{"count":0,"href":"https:\/\/linitiative.ca\/International\/wp-json\/wp\/v2\/posts\/46900\/revisions"}],"wp:attachment":[{"href":"https:\/\/linitiative.ca\/International\/wp-json\/wp\/v2\/media?parent=46900"}],"wp:term":[{"taxonomy":"category","embeddable":true,"href":"https:\/\/linitiative.ca\/International\/wp-json\/wp\/v2\/categories?post=46900"},{"taxonomy":"post_tag","embeddable":true,"href":"https:\/\/linitiative.ca\/International\/wp-json\/wp\/v2\/tags?post=46900"}],"curies":[{"name":"wp","href":"https:\/\/api.w.org\/{rel}","templated":true}]}}