{"id":46901,"date":"2019-07-17T09:40:00","date_gmt":"2019-07-17T13:40:00","guid":{"rendered":"https:\/\/linitiative.ca\/International\/lacademie-militaire-de-fondouk-jedid-passe-a-une-importante-deuxieme-generation-123-md-deja-investis-album-photos\/"},"modified":"2019-07-17T09:40:00","modified_gmt":"2019-07-17T13:40:00","slug":"lacademie-militaire-de-fondouk-jedid-passe-a-une-importante-deuxieme-generation-123-md-deja-investis-album-photos","status":"publish","type":"post","link":"https:\/\/linitiative.ca\/International\/lacademie-militaire-de-fondouk-jedid-passe-a-une-importante-deuxieme-generation-123-md-deja-investis-album-photos\/","title":{"rendered":"L\u2019Acad\u00e9mie militaire de Fondouk Jedid passe \u00e0 une importante deuxi\u00e8me g\u00e9n\u00e9ration : 123 MD d\u00e9j\u00e0 investis (Album Photos)"},"content":{"rendered":"<p>C\u2019est une transformation profonde qu\u2019entreprend l\u2019Acad\u00e9mie militaire de Fondouk Jedid, pilier fondateur de l\u2019enseignement militaire et moule de futurs officiers pour diff\u00e9rents corps de la d\u00e9fense nationale et la s\u00e9curit\u00e9. Extension sur 28 ha, 123 millions de dinars d\u00e9j\u00e0 investis, nouveaux centres d\u2019enseignements et laboratoires de recherche, programmes d\u2019enseignements et de formation, foyers, si\u00e8ge du commandements, mess des officiers, \u00e9quipements sportifs et socio-culturels, mais aussi r\u00e9habilitation des anciens b\u00e2timents: tous les chantiers ont d\u00e9j\u00e0 d\u00e9marr\u00e9.<\/p>\n<p>Pr\u00e9sidant la c\u00e9r\u00e9monie de fin d\u2019ann\u00e9e, pour la sortie des promotions et la remise des prix aux laur\u00e9ats, le ministre de la D\u00e9fense nationale, Abdelkrim Zbidi, a r\u00e9v\u00e9l\u00e9 les d\u00e9tails de ce projet d\u2019ensemble, ambitieux, qui vient \u00e0 point nomm\u00e9.<\/p>\n<p>Il faut dire que l\u2019exp\u00e9rience universitaire du Professeur Zbidi (Physiologue), en tant que de Doyen de la facult\u00e9 de m\u00e9decine de Sousse entre\u00a02005\u00a0et\u00a02008, puis de Secr\u00e9taire d&rsquo;\u00c9tat aupr\u00e8s du\u00a0Premier ministre charg\u00e9 de la Recherche scientifique et de la Technologies 17\u00a0novembre\u00a01999\u00a0\u2013\u00a02000, conjugu\u00e9 \u00e0 sa fonction de ministre de la D\u00e9fense nationale (27\u00a0janvier\u00a02011\u00a0\u2013\u00a013\u00a0mars\u00a02013), puis depuis le 12 septembre 2017 lui a \u00e9t\u00e9 tr\u00e8s utile dans cette transformation.<\/p>\n<p>Fond\u00e9e par Bourguiba il y a 52 ans, le 24 d\u00e9cembre 1966, l\u2019Acad\u00e9mie militaire franchit iune nouvelle \u00e9tape, \u00e0 la mesure des imp\u00e9ratifs s\u00e9curit\u00e9 d\u00e9fense qui s\u2019imposent aujourd\u2019hui \u00e0 la Tunisie et fa\u00e7onneront en grande partie son int\u00e9grit\u00e9 territoriale et sa s\u00e9curit\u00e9.<\/p>\n<p>Cinq grands axes ont \u00e9t\u00e9 retenus, comme l\u2019a expliqu\u00e9 le ministre Zbidi: extension de 28 hectares du p\u00e9rim\u00e8tre de l\u2019Acad\u00e9mie. L&rsquo;am\u00e9lioration des conditions d\u2019h\u00e9bergement et les b\u00e2timents. Un nouveau foyer compos\u00e9 de 3 r\u00e9sidences, d\u2019une capacit\u00e9 de 328 \u00e9l\u00e8ves, sera ouvert en janvier prochain. L\u2019ensemble des b\u00e2timents ainsi que la cl\u00f4ture, fera l\u2019objet de travaux de r\u00e9habilitation et de consolidation. Co\u00fbt total: 28 MD.<\/p>\n<p>Nouveau centre universitaire, ultramoderne, b\u00e9n\u00e9ficiant du concours de l\u2019Allemagne et comprenant:<\/p>\n<ul>\n<li>50 salles de classe<\/li>\n<li>2 amphith\u00e9\u00e2tres<\/li>\n<li>1 salle de pr\u00e9sentations<\/li>\n<li>4 salles de recherches<\/li>\n<li>26 laboratoires dont 4 de langues, 6 d\u2019informatique, 10 techniques\u2026<\/li>\n<li>1 atelier d\u2019\u00e9lectronique<\/li>\n<li>1 salle internet<\/li>\n<li>1 salle polyvalente<\/li>\n<li>3 clubs<\/li>\n<li>1 studio de radio int\u00e9rieure<\/li>\n<li>1 imprimerie<\/li>\n<li>1 librairie universitaire.<\/li>\n<\/ul>\n<p class=\"c4\"><span class=\"c3\"><strong>Co\u00fbt\u00a0: 35 MD<\/strong><\/span><\/p>\n<p>La premi\u00e8re pierre a \u00e9t\u00e9 pos\u00e9e vendredi 12 juillet par le ministre de la D\u00e9fense, Abdelkrim Zbidi, en pr\u00e9sence notamment de l\u2019ambassadeur d\u2019Allemagne \u00e0 Tunis, Andreas Reinicke.<\/p>\n<p>Nouveau si\u00e8ge du commandement de l\u2019Acad\u00e9mie, ainsi qu\u2019un mess des officiers, une salle omnisport, une piscine couverte\u2026 Co\u00fbts: 60 MD<\/p>\n<p>Refonte des fili\u00e8res d\u2019enseignement et de formation notamment dans les disciplines juridiques et de gestion. Deux laboratoires de recherche sont pr\u00e9vus. Le premier est sp\u00e9cialis\u00e9 en TIC, T\u00e9lecoms D\u00e9fense, et cyber-s\u00e9curit\u00e9. Le second en balistique. Aussi, afin d\u2019encourager la recherche et l\u2019innovation, de nouveaux prix ont \u00e9t\u00e9 institu\u00e9s.<\/p>\n<p>Le r\u00e9seautage avec les autres institutions similaires d\u2019enseignement et de formation militaires est renforc\u00e9. C\u2019est ainsi que l\u2019Acad\u00e9mie a adh\u00e9r\u00e9 \u00e0 l\u2019Association internationale des Acad\u00e9mies militaires (AIAM)<br \/><a href=\"http:\/\/www.iama-aiam.org\/\" target=\"_blank\" rel=\"noopener noreferrer\">http:\/\/www.iama-aiam.org\/<\/a><\/p>\n<p>Fond\u00e9e en 2017 au Coll\u00e8ge militaire royal du Canada \u00e0 Saint-Jean (CMR Saint-Jean) lors du 5e Symposium international sur le d\u00e9veloppement des acad\u00e9mies militaires (ISoDoMA), elle compte pr\u00e8s de 150 institutions membres telle que West Point aux Etats-Unis <a href=\"https:\/\/westpoint.edu\/\" target=\"_blank\" rel=\"noopener noreferrer\">https:\/\/westpoint.edu\/<\/a>ou les \u00e9coles de Saint-Cyr Co\u00ebtiquidan <a href=\"https:\/\/www.st-cyr.terre.defense.gouv.fr\/\" target=\"_blank\" rel=\"noopener noreferrer\">https:\/\/www.st-cyr.terre.defense.gouv.fr\/<\/a> en France. Elle a pour mission de promouvoir le partage des connaissances et des comp\u00e9tences dans le domaine de la formation et de l\u2019\u00e9ducation entre les acad\u00e9mies militaires membres.<\/p>\n<p>Bref, toute une strat\u00e9gie int\u00e9gr\u00e9e dont les retomb\u00e9es b\u00e9n\u00e9fiques ne tarderont pas \u00e0 b\u00e9n\u00e9ficier \u00e0 la Tunisie.<\/p>\n<p>L\u2019acad\u00e9mie militaire, situ\u00e9e \u00e0 Fondouk Djedid, 30 Km sud de la capitale Tunis, est un \u00e9tablissement militaire d&rsquo;enseignement universitaire charg\u00e9 de la formation des futurs officiers. Outre les officiers du Minist\u00e8re de la D\u00e9fense Nationale, notamment ceux de l\u2019arm\u00e9e de terre, des directions et des services communs, des officiers appartenant aux minist\u00e8res de l\u2019int\u00e9rieur, de la justice et de la finance suivent, \u00e9galement, leur formation \u00e0 l\u2019acad\u00e9mie militaire.<\/p>\n<h2>L&rsquo;Acad\u00e9mie en bref<\/h2>\n<p>L\u2019acad\u00e9mie militaire, situ\u00e9e \u00e0 Fondouk Djedid, 30 Km sud de la capitale Tunis, est un \u00e9tablissement militaire d&rsquo;enseignement universitaire charg\u00e9 de la formation des futurs officiers. Outre les officiers du Minist\u00e8re de la D\u00e9fense Nationale, notamment ceux de l\u2019arm\u00e9e de terre, des directions et des services communs, des officiers appartenant aux minist\u00e8res de l\u2019int\u00e9rieur, de la justice et de la finance suivent, \u00e9galement, leur formation \u00e0 l\u2019acad\u00e9mie militaire.<\/p>\n<p>L\u2019acad\u00e9mie militaire a \u00e9t\u00e9 cr\u00e9\u00e9e par le d\u00e9cret num\u00e9ro 529 du 24 D\u00e9cembre 1966. Elle a ouvert ses portes, pour la premi\u00e8re fois, le 08 F\u00e9vrier 1967 et a \u00e9t\u00e9 inaugur\u00e9e par le pr\u00e9sident de la r\u00e9publique le 21 D\u00e9cembre 1967.<\/p>\n<p>La cr\u00e9ation de l\u2019acad\u00e9mie militaire, premier \u00e9tablissement tunisien d\u2019enseignement sup\u00e9rieur, a ouvert la voie \u00e0 la cr\u00e9ation d\u2019autres \u00e9tablissements de formation militaire mettant, ainsi, fin \u00e0 la d\u00e9pendance des forces arm\u00e9es tunisiennes en mati\u00e8re de formation de ses cadres.<\/p>\n<p>Auteur:<br \/>\n<a href=\"https:\/\/www.leaders.com.tn\/article\/27522-l-academie-militaire-de-fondouk-jedid-passe-a-une-importante-deuxieme-generation-123-md-deja-investis\">Cliquez ici pour lire l&rsquo;article depuis sa source.<\/a><\/p>\n","protected":false},"excerpt":{"rendered":"<p>C\u2019est une transformation profonde qu\u2019entreprend l\u2019Acad\u00e9mie militaire de Fondouk Jedid, pilier fondateur de l\u2019enseignement militaire et moule de futurs officiers pour diff\u00e9rents corps de la d\u00e9fense nationale et la s\u00e9curit\u00e9. Extension sur 28 ha, 123 millions de dinars d\u00e9j\u00e0 investis, nouveaux centres d\u2019enseignements et laboratoires de recherche, programmes d\u2019enseignements et de formation, foyers, si\u00e8ge du [&hellip;]<\/p>\n","protected":false},"author":1772,"featured_media":0,"comment_status":"closed","ping_status":"closed","sticky":false,"template":"","format":"standard","meta":{"fifu_image_url":"","fifu_image_alt":"","footnotes":""},"categories":[73,55],"tags":[],"class_list":["post-46901","post","type-post","status-publish","format-standard","hentry","category-actualite","category-tunisie"],"_links":{"self":[{"href":"https:\/\/linitiative.ca\/International\/wp-json\/wp\/v2\/posts\/46901","targetHints":{"allow":["GET"]}}],"collection":[{"href":"https:\/\/linitiative.ca\/International\/wp-json\/wp\/v2\/posts"}],"about":[{"href":"https:\/\/linitiative.ca\/International\/wp-json\/wp\/v2\/types\/post"}],"author":[{"embeddable":true,"href":"https:\/\/linitiative.ca\/International\/wp-json\/wp\/v2\/users\/1772"}],"replies":[{"embeddable":true,"href":"https:\/\/linitiative.ca\/International\/wp-json\/wp\/v2\/comments?post=46901"}],"version-history":[{"count":0,"href":"https:\/\/linitiative.ca\/International\/wp-json\/wp\/v2\/posts\/46901\/revisions"}],"wp:attachment":[{"href":"https:\/\/linitiative.ca\/International\/wp-json\/wp\/v2\/media?parent=46901"}],"wp:term":[{"taxonomy":"category","embeddable":true,"href":"https:\/\/linitiative.ca\/International\/wp-json\/wp\/v2\/categories?post=46901"},{"taxonomy":"post_tag","embeddable":true,"href":"https:\/\/linitiative.ca\/International\/wp-json\/wp\/v2\/tags?post=46901"}],"curies":[{"name":"wp","href":"https:\/\/api.w.org\/{rel}","templated":true}]}}