{"id":46905,"date":"2019-07-17T08:46:44","date_gmt":"2019-07-17T12:46:44","guid":{"rendered":"https:\/\/linitiative.ca\/International\/elle-fait-lactu-malika-el-younsi-directrice-juridique-dattijariwafa-bank\/"},"modified":"2019-07-17T08:46:44","modified_gmt":"2019-07-17T12:46:44","slug":"elle-fait-lactu-malika-el-younsi-directrice-juridique-dattijariwafa-bank","status":"publish","type":"post","link":"https:\/\/linitiative.ca\/International\/elle-fait-lactu-malika-el-younsi-directrice-juridique-dattijariwafa-bank\/","title":{"rendered":"Elle fait l\u2019actu : Malika El Younsi, directrice juridique d\u2019Attijariwafa bank"},"content":{"rendered":"<p><strong>Le Groupe Attijariwafa bank a d\u00e9croch\u00e9 le Troph\u00e9e d\u2019Or \u00ab\u00a0Meilleure Direction Juridique Groupes Africains\u00a0\u00bb lors de la c\u00e9r\u00e9monie de remise des prix organis\u00e9e r\u00e9cemment \u00e0 Paris par Les Troph\u00e9es du Droit.<\/strong><\/p>\n<div class=\"c10\"\/>\n<p>Ce troph\u00e9e \u00ab\u00a0vient couronner les efforts des juristes du Groupe sous l\u2019impulsion de sa responsable <strong>Malika El Younsi<\/strong> qui a toujours \u0153uvr\u00e9 pour que le Conseil Juridique Groupe soit une pierre angulaire dans les prises de d\u00e9cisions strat\u00e9giques, avec un ancrage fort \u00e0 l\u2019\u00e9chelle du continent\u00a0\u00bb, indique mercredi un communiqu\u00e9 d\u2019Attijariwafa bank.<\/p>\n<p>Ainsi, le <strong>Conseil Juridique<\/strong> Groupe a \u00e9t\u00e9 mis \u00e0 l\u2019honneur en tant que Laur\u00e9at \u00ab\u00a0Meilleure Direction Juridique Groupes Africains 2019\u00a0\u00bb, pour trois raisons majeures \u00ab\u00a0D\u00e9partement structur\u00e9 avec l\u2019esprit d\u2019\u00e9quipe, de belles r\u00e9alisations dans un secteur tr\u00e8s r\u00e9glement\u00e9 et un passage \u00e0 la digitalisation rapide et efficace\u00a0\u00bb, souligne la m\u00eame source.<\/p>\n<p>Les Troph\u00e9es du Droit constituent depuis leur cr\u00e9ation en 2009 un \u00e9v\u00e9nement incontournable des professionnels du droit visant \u00e0 r\u00e9compenser les praticiens les plus reconnus du droit des affaires en France, en Europe et \u00e0 l\u2019international \u00e0 raison d\u2019un \u00e9v\u00e9nement par an, apr\u00e8s consultations et d\u00e9lib\u00e9rations d\u2019un jury sp\u00e9cialis\u00e9.<\/p>\n<p><strong>Attijariwafa bank<\/strong> se f\u00e9licite aujourd\u2019hui de cette distinction, qui t\u00e9moigne de ses performances en mati\u00e8re juridique sur tous les crit\u00e8res d\u2019\u00e9valuation retenus, notamment la qualit\u00e9 et la diversit\u00e9 des r\u00e9alisations men\u00e9es et la progression de l\u2019entreprise dans son ensemble durant ces trois derni\u00e8res ann\u00e9es gr\u00e2ce au service concern\u00e9, ainsi que la capacit\u00e9 d\u2019innovation et d\u2019initiative en mati\u00e8re juridique.<\/p>\n<div class=\"c17\">\n<fieldset class=\"c16\">\n<legend><strong><span class=\"c11\">Challenge<\/span><span class=\"c12\">news<\/span><\/strong><\/legend>\n<div class=\"c15\">Le meilleur de la r\u00e9daction s\u00e9lectionn\u00e9 par Challenge :<\/p>\n<\/div>\n<\/fieldset>\n<\/div>\n<p>Auteur: Hassan Manyani<br \/>\n<a href=\"https:\/\/www.challenge.ma\/elle-fait-lactu-malika-el-younsi-directrice-juridique-dattijariwafa-bank-113061\/\">Cliquez ici pour lire l&rsquo;article depuis sa source.<\/a><\/p>\n","protected":false},"excerpt":{"rendered":"<p>Le Groupe Attijariwafa bank a d\u00e9croch\u00e9 le Troph\u00e9e d\u2019Or \u00ab\u00a0Meilleure Direction Juridique Groupes Africains\u00a0\u00bb lors de la c\u00e9r\u00e9monie de remise des prix organis\u00e9e r\u00e9cemment \u00e0 Paris par Les Troph\u00e9es du Droit. Ce troph\u00e9e \u00ab\u00a0vient couronner les efforts des juristes du Groupe sous l\u2019impulsion de sa responsable Malika El Younsi qui a toujours \u0153uvr\u00e9 pour que [&hellip;]<\/p>\n","protected":false},"author":1787,"featured_media":0,"comment_status":"closed","ping_status":"closed","sticky":false,"template":"","format":"standard","meta":{"fifu_image_url":"","fifu_image_alt":"","footnotes":""},"categories":[78,54],"tags":[],"class_list":["post-46905","post","type-post","status-publish","format-standard","hentry","category-economie","category-maroc"],"_links":{"self":[{"href":"https:\/\/linitiative.ca\/International\/wp-json\/wp\/v2\/posts\/46905","targetHints":{"allow":["GET"]}}],"collection":[{"href":"https:\/\/linitiative.ca\/International\/wp-json\/wp\/v2\/posts"}],"about":[{"href":"https:\/\/linitiative.ca\/International\/wp-json\/wp\/v2\/types\/post"}],"author":[{"embeddable":true,"href":"https:\/\/linitiative.ca\/International\/wp-json\/wp\/v2\/users\/1787"}],"replies":[{"embeddable":true,"href":"https:\/\/linitiative.ca\/International\/wp-json\/wp\/v2\/comments?post=46905"}],"version-history":[{"count":0,"href":"https:\/\/linitiative.ca\/International\/wp-json\/wp\/v2\/posts\/46905\/revisions"}],"wp:attachment":[{"href":"https:\/\/linitiative.ca\/International\/wp-json\/wp\/v2\/media?parent=46905"}],"wp:term":[{"taxonomy":"category","embeddable":true,"href":"https:\/\/linitiative.ca\/International\/wp-json\/wp\/v2\/categories?post=46905"},{"taxonomy":"post_tag","embeddable":true,"href":"https:\/\/linitiative.ca\/International\/wp-json\/wp\/v2\/tags?post=46905"}],"curies":[{"name":"wp","href":"https:\/\/api.w.org\/{rel}","templated":true}]}}