{"id":46906,"date":"2019-07-17T10:20:22","date_gmt":"2019-07-17T14:20:22","guid":{"rendered":"https:\/\/linitiative.ca\/International\/apres-le-scandale-rades-la-caf-change-de-systeme\/"},"modified":"2019-07-17T10:20:22","modified_gmt":"2019-07-17T14:20:22","slug":"apres-le-scandale-rades-la-caf-change-de-systeme","status":"publish","type":"post","link":"https:\/\/linitiative.ca\/International\/apres-le-scandale-rades-la-caf-change-de-systeme\/","title":{"rendered":"Apr\u00e8s le scandale Rad\u00e8s, la CAF change de syst\u00e8me !"},"content":{"rendered":"<p><strong>La finale de la Ligue africaine des champions et de la Coupe de la Conf\u00e9d\u00e9ration africaine de football (CAF) <span class=\"css-901oao css-16my406 r-1qd0xha r-ad9z0x r-bcqeeo r-qvutc0\">se joueront sur un seul match<\/span>, a annonc\u00e9 le pr\u00e9sident de l\u2019organisation continentale.<\/strong><\/p>\n<div class=\"c10\"\/>\n<p>\u00ab\u00a0Le bureau ex\u00e9cutif de la CAF a pris la forte d\u00e9cision d\u2019organiser la finale de la Ligue des champions et la finale de la Conf\u00e9d\u00e9ration en un seul match\u00a0\u00bb, a d\u00e9clar\u00e9 Ahmed Ahmed sur son compte Twitter.<\/p>\n<blockquote class=\"twitter-tweet\" data-width=\"550\" data-dnt=\"true\">\n<p lang=\"fr\" dir=\"ltr\">Grande d\u00e9cision que nous avons pris avec le <a href=\"https:\/\/twitter.com\/hashtag\/Comex?src=hash&#038;ref_src=twsrc%5Etfw\">#Comex<\/a> de la <a href=\"https:\/\/twitter.com\/caf_online_FR?ref_src=twsrc%5Etfw\">@caf_online_FR<\/a> aujourd\u2019hui : d\u00e9sormais les finales de la <a href=\"https:\/\/twitter.com\/hashtag\/CAFChampionsLeague?src=hash&#038;ref_src=twsrc%5Etfw\">#CAFChampionsLeague<\/a> et de la <a href=\"https:\/\/twitter.com\/hashtag\/CAFCoupedesconfs?src=hash&#038;ref_src=twsrc%5Etfw\">#CAFCoupedesconfs<\/a> se joueront sur un seul match ! <a href=\"https:\/\/twitter.com\/hashtag\/Caf?src=hash&#038;ref_src=twsrc%5Etfw\">#Caf<\/a> <a href=\"https:\/\/twitter.com\/hashtag\/Football?src=hash&#038;ref_src=twsrc%5Etfw\">#Football<\/a><\/p>\n<p>\u2014 Ahmad Ahmad Officiel (@AAhmad_CAF) <a href=\"https:\/\/twitter.com\/AAhmad_CAF\/status\/1151418261839519745?ref_src=twsrc%5Etfw\">July 17, 2019<\/a><\/p>\n<\/blockquote>\n<p>La Conf\u00e9d\u00e9ration africaine de football africain (CAF) a d\u00e9cid\u00e9 de suivre l\u2019UEFA lors des deux derniers tournois continentaux disput\u00e9s dans un match, en neutralit\u00e9. La date et l\u2019annonce du dernier pays h\u00f4te seront ensuite annonc\u00e9es. La d\u00e9cision de la Conf\u00e9d\u00e9ration africaine de football est intervenue dans le contexte des \u00e9v\u00e9nements chauds de la finale de la Ligue africaine des champions lors de la derni\u00e8re \u00e9dition au stade \u00ab\u00a0Rades\u00a0\u00bb \u00e0 Tunis.<\/p>\n<p>La CAF a d\u00e9cid\u00e9 de rejouer le match devant opposer l\u2019Esp\u00e9rance de Tunis au Wydad de Casablanca en finale de la Ligue africaine des champions dans un stade neutre pour manque de s\u00e9curit\u00e9 et de fair-play au stade Rades.<\/p>\n<p>L\u2019Esp\u00e9rance tunisienne a \u00e9t\u00e9 sacr\u00e9e championne de la Ligue africaine des champions pour la deuxi\u00e8me fois cons\u00e9cutive et la quatri\u00e8me de son histoire apr\u00e8s des d\u00e9cisions d\u2019arbitrage controvers\u00e9es, le Wydad de Casablanca ayant refus\u00e9 d\u2019achever la rencontre avant que l\u2019Union africaine ne d\u00e9cide de rejouer le match.<\/p>\n<p>Rappelons que le match entre l\u2019Esp\u00e9rance et le Wydad de Casablanca au stade Rades a \u00e9t\u00e9 suspendu \u00e0 la 61e minute suite \u00e0 la demande des joueurs du Wydad de revenir \u00e0 la technologie\u00a0 de la Vid\u00e9o Assistant Refree (VAR) afin d\u2019explorer la validit\u00e9 d\u2019un but marqu\u00e9 par la star marocaine Walid Al-Karti siffl\u00e9 hors jeu par l\u2019arbitre, alors que le r\u00e9sultat \u00e9tait 1-0 en faveur de l\u2019Esperance. Vers la 75<sup>\u00e8me<\/sup> minutes du d\u00e9but du match, l\u2019arbitre Gambien Bakary Gassama donna le coup de sifflet final en offrant la coupe \u00e0 l\u2019Esp\u00e9rance de Tunis.<\/p>\n<p><img loading=\"lazy\" decoding=\"async\" class=\"wp-image-113023 size-full\" src=\"https:\/\/www.challenge.ma\/wp-content\/uploads\/2019\/07\/esperance-750x410.jpg\" alt=\"\" width=\"750\" height=\"410\" srcset=\"https:\/\/www.challenge.ma\/wp-content\/uploads\/2019\/07\/esperance-750x410.jpg 750w, https:\/\/www.challenge.ma\/wp-content\/uploads\/2019\/07\/esperance-750x410-300x164.jpg 300w, https:\/\/www.challenge.ma\/wp-content\/uploads\/2019\/07\/esperance-750x410-360x197.jpg 360w\" sizes=\"auto, (max-width: 750px) 100vw, 750px\"\/>Les joueurs de l\u2019Esp\u00e9rance de Tunis, Taha Khenissi et Saad Bguir, et leurs co\u00e9quipiers c\u00e9l\u00e8brent le titre de champions d\u2019Afrique dont la finale sera rejou\u00e9.<\/p>\n<div class=\"c17\">\n<fieldset class=\"c16\">\n<legend><strong><span class=\"c11\">Challenge<\/span><span class=\"c12\">news<\/span><\/strong><\/legend>\n<div class=\"c15\">Le meilleur de la r\u00e9daction s\u00e9lectionn\u00e9 par Challenge :<\/p>\n<\/div>\n<\/fieldset>\n<\/div>\n<p>Auteur: Hajar DARI<br \/>\n<a href=\"https:\/\/www.challenge.ma\/apres-le-scandale-rades-la-caf-change-de-systeme-113017\/\">Cliquez ici pour lire l&rsquo;article depuis sa source.<\/a><\/p>\n","protected":false},"excerpt":{"rendered":"<p>La finale de la Ligue africaine des champions et de la Coupe de la Conf\u00e9d\u00e9ration africaine de football (CAF) se joueront sur un seul match, a annonc\u00e9 le pr\u00e9sident de l\u2019organisation continentale. \u00ab\u00a0Le bureau ex\u00e9cutif de la CAF a pris la forte d\u00e9cision d\u2019organiser la finale de la Ligue des champions et la finale de [&hellip;]<\/p>\n","protected":false},"author":1787,"featured_media":46907,"comment_status":"closed","ping_status":"closed","sticky":false,"template":"","format":"standard","meta":{"fifu_image_url":"","fifu_image_alt":"","footnotes":""},"categories":[78,54],"tags":[],"class_list":["post-46906","post","type-post","status-publish","format-standard","has-post-thumbnail","hentry","category-economie","category-maroc"],"_links":{"self":[{"href":"https:\/\/linitiative.ca\/International\/wp-json\/wp\/v2\/posts\/46906","targetHints":{"allow":["GET"]}}],"collection":[{"href":"https:\/\/linitiative.ca\/International\/wp-json\/wp\/v2\/posts"}],"about":[{"href":"https:\/\/linitiative.ca\/International\/wp-json\/wp\/v2\/types\/post"}],"author":[{"embeddable":true,"href":"https:\/\/linitiative.ca\/International\/wp-json\/wp\/v2\/users\/1787"}],"replies":[{"embeddable":true,"href":"https:\/\/linitiative.ca\/International\/wp-json\/wp\/v2\/comments?post=46906"}],"version-history":[{"count":0,"href":"https:\/\/linitiative.ca\/International\/wp-json\/wp\/v2\/posts\/46906\/revisions"}],"wp:featuredmedia":[{"embeddable":true,"href":"https:\/\/linitiative.ca\/International\/wp-json\/"}],"wp:attachment":[{"href":"https:\/\/linitiative.ca\/International\/wp-json\/wp\/v2\/media?parent=46906"}],"wp:term":[{"taxonomy":"category","embeddable":true,"href":"https:\/\/linitiative.ca\/International\/wp-json\/wp\/v2\/categories?post=46906"},{"taxonomy":"post_tag","embeddable":true,"href":"https:\/\/linitiative.ca\/International\/wp-json\/wp\/v2\/tags?post=46906"}],"curies":[{"name":"wp","href":"https:\/\/api.w.org\/{rel}","templated":true}]}}