{"id":46908,"date":"2019-07-17T11:41:29","date_gmt":"2019-07-17T15:41:29","guid":{"rendered":"https:\/\/linitiative.ca\/International\/prix-national-de-la-qualite-deux-filiales-dynna-holding-distinguees\/"},"modified":"2019-07-17T11:41:29","modified_gmt":"2019-07-17T15:41:29","slug":"prix-national-de-la-qualite-deux-filiales-dynna-holding-distinguees","status":"publish","type":"post","link":"https:\/\/linitiative.ca\/International\/prix-national-de-la-qualite-deux-filiales-dynna-holding-distinguees\/","title":{"rendered":"Prix national de la qualit\u00e9 : deux filiales d\u2019Ynna Holding distingu\u00e9es"},"content":{"rendered":"<p><strong>Super C\u00e9rame et Afrique Cables, deux filiales d\u2019Ynna Holding, se sont distingu\u00e9es \u00e0 la 20e \u00e9dition du Prix National de la Qualit\u00e9.<br \/><\/strong><\/p>\n<div class=\"c10\"\/>\n<p>Organis\u00e9 par le minist\u00e8re de l\u2019Industrie, de l\u2019Investissement, du Commerce et de l\u2019Economie num\u00e9rique en collaboration avec l\u2019Union Marocaine pour la <strong>Qualit\u00e9<\/strong>, cet \u00e9v\u00e8nement a r\u00e9compens\u00e9 les entreprises qui font preuve de niveaux d\u2019excellence exemplaires, qui encouragent le partage des bonnes pratiques et de l\u2019enracinement de la culture qualit\u00e9 au quotidien.<\/p>\n<p>A cette occasion, <strong>Super C\u00e9rame<\/strong> a \u00e9t\u00e9 distingu\u00e9e dans la cat\u00e9gorie Grandes Entreprises lndustrielles. Cette cons\u00e9cration est une reconnaissance des efforts d\u00e9ploy\u00e9s par l\u2019entreprise, leader et acteur incontournable de la c\u00e9ramique au Maroc.<\/p>\n<p>De son c\u00f4t\u00e9, <strong>Afrique C\u00e2bles<\/strong> a \u00e9t\u00e9 prim\u00e9e dans la cat\u00e9gorie Petites et Moyennes Entreprises. Avec cette r\u00e9compense, le fabricant de batteries sous la marque Electra et sp\u00e9cialiste des c\u00e2bles pour r\u00e9seau t\u00e9l\u00e9phoniques, a ajout\u00e9 une nouvelle distinction \u00e0 son palmar\u00e8s. L\u2019entreprise est depuis 2018 le premier fabricant de batteries automobiles au Maroc \u00e0 avoir obtenu le label <strong>Salamatouna<\/strong>, une marque mise en place par le minist\u00e8re de l\u2019Industrie pour certifier le secteur de la distribution des pi\u00e8ces de rechange automobile et lutter contre la contrefa\u00e7on.<\/p>\n<p>Fournisseur des batteries du groupe Renault au Maroc, <strong>Electra<\/strong> a \u00e9galement \u00e9t\u00e9 distingu\u00e9 par l\u2019obtention du Prix Hassan II de l\u2019Environnement. Depuis 2016, elle est aussi la premi\u00e8re entreprise autoris\u00e9e par le minist\u00e8re de l\u2019Environnement pour le recyclage et la valorisation des batteries usag\u00e9es.<\/p>\n<div class=\"c17\">\n<fieldset class=\"c16\">\n<legend><strong><span class=\"c11\">Challenge<\/span><span class=\"c12\">news<\/span><\/strong><\/legend>\n<div class=\"c15\">Le meilleur de la r\u00e9daction s\u00e9lectionn\u00e9 par Challenge :<\/p>\n<\/div>\n<\/fieldset>\n<\/div>\n<p>Auteur: challenge<br \/>\n<a href=\"https:\/\/www.challenge.ma\/prix-nationale-de-la-qualite-deux-filiales-dynna-holding-distinguees-113034\/\">Cliquez ici pour lire l&rsquo;article depuis sa source.<\/a><\/p>\n","protected":false},"excerpt":{"rendered":"<p>Super C\u00e9rame et Afrique Cables, deux filiales d\u2019Ynna Holding, se sont distingu\u00e9es \u00e0 la 20e \u00e9dition du Prix National de la Qualit\u00e9. Organis\u00e9 par le minist\u00e8re de l\u2019Industrie, de l\u2019Investissement, du Commerce et de l\u2019Economie num\u00e9rique en collaboration avec l\u2019Union Marocaine pour la Qualit\u00e9, cet \u00e9v\u00e8nement a r\u00e9compens\u00e9 les entreprises qui font preuve de niveaux [&hellip;]<\/p>\n","protected":false},"author":1787,"featured_media":0,"comment_status":"closed","ping_status":"closed","sticky":false,"template":"","format":"standard","meta":{"fifu_image_url":"","fifu_image_alt":"","footnotes":""},"categories":[78,54],"tags":[],"class_list":["post-46908","post","type-post","status-publish","format-standard","hentry","category-economie","category-maroc"],"_links":{"self":[{"href":"https:\/\/linitiative.ca\/International\/wp-json\/wp\/v2\/posts\/46908","targetHints":{"allow":["GET"]}}],"collection":[{"href":"https:\/\/linitiative.ca\/International\/wp-json\/wp\/v2\/posts"}],"about":[{"href":"https:\/\/linitiative.ca\/International\/wp-json\/wp\/v2\/types\/post"}],"author":[{"embeddable":true,"href":"https:\/\/linitiative.ca\/International\/wp-json\/wp\/v2\/users\/1787"}],"replies":[{"embeddable":true,"href":"https:\/\/linitiative.ca\/International\/wp-json\/wp\/v2\/comments?post=46908"}],"version-history":[{"count":0,"href":"https:\/\/linitiative.ca\/International\/wp-json\/wp\/v2\/posts\/46908\/revisions"}],"wp:attachment":[{"href":"https:\/\/linitiative.ca\/International\/wp-json\/wp\/v2\/media?parent=46908"}],"wp:term":[{"taxonomy":"category","embeddable":true,"href":"https:\/\/linitiative.ca\/International\/wp-json\/wp\/v2\/categories?post=46908"},{"taxonomy":"post_tag","embeddable":true,"href":"https:\/\/linitiative.ca\/International\/wp-json\/wp\/v2\/tags?post=46908"}],"curies":[{"name":"wp","href":"https:\/\/api.w.org\/{rel}","templated":true}]}}