{"id":46909,"date":"2019-07-17T11:59:27","date_gmt":"2019-07-17T15:59:27","guid":{"rendered":"https:\/\/linitiative.ca\/International\/tunisie-pas-de-mandat-de-depot-pour-le-moment-a-lencontre-de-lavocat-qui-a-tue-son-cambrioleur\/"},"modified":"2019-07-17T11:59:27","modified_gmt":"2019-07-17T15:59:27","slug":"tunisie-pas-de-mandat-de-depot-pour-le-moment-a-lencontre-de-lavocat-qui-a-tue-son-cambrioleur","status":"publish","type":"post","link":"https:\/\/linitiative.ca\/International\/tunisie-pas-de-mandat-de-depot-pour-le-moment-a-lencontre-de-lavocat-qui-a-tue-son-cambrioleur\/","title":{"rendered":"Tunisie \u2013 Pas de mandat de d\u00e9p\u00f4t (pour le moment) \u00e0 l\u2019encontre de l\u2019avocat qui a tu\u00e9 son cambrioleur"},"content":{"rendered":"<div class=\"post-cont-in left relative\">\n<div class=\"swp_social_panel swp_horizontal_panel swp_flat_fresh swp_default_full_color swp_individual_full_color swp_other_full_color scale-100 scale-\" data-min-width=\"1100\" data-float-color=\"#ffffff\" data-float=\"none\" data-float-mobile=\"none\" data-transition=\"slide\">\n<div class=\"nc_tweetContainer swp_share_button total_shares total_sharesalt\"><span class=\"swp_count\">104 <span class=\"swp_label\">Partages<\/span><\/span><\/div>\n<\/div>\n<p>Le porte-parole du tribunal de premi\u00e8re instance de Sousse a d\u00e9clar\u00e9 \u00e0 la presse que le parquet n\u2019a pas encore \u00e9mis de mandat de d\u00e9p\u00f4t \u00e0 l\u2019encontre de l\u2019avocat qui a tu\u00e9, ce matin, un cambrioleur qui s\u2019\u00e9tait introduit chez lui, dans le quartier de Sahloul, \u00e0 Sousse.<\/p>\n<p>Le porte-parole a annonc\u00e9 que l\u2019avocat est accus\u00e9 de meurtre avec pr\u00e9m\u00e9ditation. Mais que cette accusation pourra \u00eatre modifi\u00e9e au cours de l\u2019avancement de l\u2019enqu\u00eate, pour \u00eatre qualifi\u00e9e de meurtre sans pr\u00e9m\u00e9ditation, ou en l\u00e9gitime d\u00e9fense, suivant ce que va d\u00e9terminer l\u2019enqu\u00eate.<\/p>\n<div class=\"code-block code-block-1 c3\"><ins class=\"adsbygoogle c2\" data-ad-layout=\"in-article\" data-ad-format=\"fluid\" data-ad-client=\"ca-pub-2102118777505746\" data-ad-slot=\"7301775417\"\/> <\/div>\n<p>Le porte-parole du tribunal a ajout\u00e9 qu\u2019une autre affaire a \u00e9t\u00e9 ouverte, en parall\u00e8le, pour vol qualifi\u00e9 avec effraction, \u00e0 l\u2019encontre des quatre cambrioleurs qui s\u2019\u00e9taient introduits dans la maison de l\u2019avocat dont l\u2019homme abattu et un individu en \u00e9tat de fuite.<\/p>\n<div class=\"mvp-org-wrap mvp-org-logo\" itemprop=\"publisher\" itemscope=\"\" itemtype=\"https:\/\/schema.org\/Organization\"><img decoding=\"async\" src=\"https:\/\/www.tunisienumerique.com\/wp-content\/uploads\/2017\/02\/logo_tunisie_numerique.png\"\/><\/div>\n<div class=\"swp_social_panel swp_horizontal_panel swp_flat_fresh swp_default_full_color swp_individual_full_color swp_other_full_color scale-100 scale-\" data-min-width=\"1100\" data-float-color=\"#ffffff\" data-float=\"none\" data-float-mobile=\"none\" data-transition=\"slide\">\n<div class=\"nc_tweetContainer swp_share_button total_shares total_sharesalt\"><span class=\"swp_count\">104 <span class=\"swp_label\">Partages<\/span><\/span><\/div>\n<\/div>\n<div class=\"mvp-related-posts left relative\">\n<h4 class=\"post-header\"><span class=\"post-header\">Lire aussi<\/span><\/h4>\n<\/div>\n<\/div>\n<p>Auteur: LM<br \/>\n<a href=\"https:\/\/www.tunisienumerique.com\/tunisie-pas-de-mandat-de-depot-pour-le-moment-a-lencontre-de-lavocat-qui-a-tue-son-cambrioleur\/\">Cliquez ici pour lire l&rsquo;article depuis sa source.<\/a><\/p>\n","protected":false},"excerpt":{"rendered":"<p>104 Partages Le porte-parole du tribunal de premi\u00e8re instance de Sousse a d\u00e9clar\u00e9 \u00e0 la presse que le parquet n\u2019a pas encore \u00e9mis de mandat de d\u00e9p\u00f4t \u00e0 l\u2019encontre de l\u2019avocat qui a tu\u00e9, ce matin, un cambrioleur qui s\u2019\u00e9tait introduit chez lui, dans le quartier de Sahloul, \u00e0 Sousse. Le porte-parole a annonc\u00e9 que [&hellip;]<\/p>\n","protected":false},"author":1789,"featured_media":46910,"comment_status":"closed","ping_status":"closed","sticky":false,"template":"","format":"standard","meta":{"fifu_image_url":"","fifu_image_alt":"","footnotes":""},"categories":[73,55],"tags":[],"class_list":["post-46909","post","type-post","status-publish","format-standard","has-post-thumbnail","hentry","category-actualite","category-tunisie"],"_links":{"self":[{"href":"https:\/\/linitiative.ca\/International\/wp-json\/wp\/v2\/posts\/46909","targetHints":{"allow":["GET"]}}],"collection":[{"href":"https:\/\/linitiative.ca\/International\/wp-json\/wp\/v2\/posts"}],"about":[{"href":"https:\/\/linitiative.ca\/International\/wp-json\/wp\/v2\/types\/post"}],"author":[{"embeddable":true,"href":"https:\/\/linitiative.ca\/International\/wp-json\/wp\/v2\/users\/1789"}],"replies":[{"embeddable":true,"href":"https:\/\/linitiative.ca\/International\/wp-json\/wp\/v2\/comments?post=46909"}],"version-history":[{"count":0,"href":"https:\/\/linitiative.ca\/International\/wp-json\/wp\/v2\/posts\/46909\/revisions"}],"wp:featuredmedia":[{"embeddable":true,"href":"https:\/\/linitiative.ca\/International\/wp-json\/"}],"wp:attachment":[{"href":"https:\/\/linitiative.ca\/International\/wp-json\/wp\/v2\/media?parent=46909"}],"wp:term":[{"taxonomy":"category","embeddable":true,"href":"https:\/\/linitiative.ca\/International\/wp-json\/wp\/v2\/categories?post=46909"},{"taxonomy":"post_tag","embeddable":true,"href":"https:\/\/linitiative.ca\/International\/wp-json\/wp\/v2\/tags?post=46909"}],"curies":[{"name":"wp","href":"https:\/\/api.w.org\/{rel}","templated":true}]}}