{"id":46917,"date":"2019-07-17T12:47:59","date_gmt":"2019-07-17T16:47:59","guid":{"rendered":"https:\/\/linitiative.ca\/International\/tunisie-video-zarzis-le-croissant-rouge-tunisien-suspend-ses-activites-au-profit-des-immigres-il-est-temps-que-letat-intervienne\/"},"modified":"2019-07-17T12:47:59","modified_gmt":"2019-07-17T16:47:59","slug":"tunisie-video-zarzis-le-croissant-rouge-tunisien-suspend-ses-activites-au-profit-des-immigres-il-est-temps-que-letat-intervienne","status":"publish","type":"post","link":"https:\/\/linitiative.ca\/International\/tunisie-video-zarzis-le-croissant-rouge-tunisien-suspend-ses-activites-au-profit-des-immigres-il-est-temps-que-letat-intervienne\/","title":{"rendered":"Tunisie \u2013 VIDEO\u00a0: Zarzis\u00a0: Le croissant rouge tunisien suspend ses activit\u00e9s au profit des immigr\u00e9s. Il est temps que l\u2019Etat intervienne"},"content":{"rendered":"<div class=\"post-cont-in left relative\">\n<div class=\"swp_social_panel swp_horizontal_panel swp_flat_fresh swp_default_full_color swp_individual_full_color swp_other_full_color scale-100 scale-\" data-min-width=\"1100\" data-float-color=\"#ffffff\" data-float=\"none\" data-float-mobile=\"none\" data-transition=\"slide\">\n<div class=\"nc_tweetContainer swp_share_button total_shares total_sharesalt\"><span class=\"swp_count\">3 <span class=\"swp_label\">Partages<\/span><\/span><\/div>\n<\/div>\n<p>Le responsable local du croissant rouge tunisien \u00e0 Zarzis a d\u00e9clar\u00e9 \u00e0 la correspondante de Tunisienumerique \u00e0 Zarzis, que le bureau local de l\u2019organisation a \u00e9t\u00e9 contraint de suspendre toutes ses activit\u00e9s au profit des immigrants et des demandeurs d\u2019asile qui r\u00e9sident dans la ville, essentiellement, dans deux foyers lou\u00e9s par le CRT et dont le nombre d\u00e9passe les 450 personnes.<\/p>\n<p>Le responsable a expliqu\u00e9 que le bureau local a \u00e9t\u00e9 dans l\u2019obligation de prendre cette douloureuse d\u00e9cision, par manque de moyens mat\u00e9riels et financiers qui leur auraient permis de r\u00e9pondre aux besoins des immigrants. Il a ajout\u00e9 que la rupture de la convention de la part du haut comit\u00e9 des r\u00e9fugi\u00e9s des Nations Unies avec le bureau national du croissant rouge tunisien, les a priv\u00e9s de toute source de financement.<\/p>\n<div class=\"code-block code-block-1 c4\"><ins class=\"adsbygoogle c3\" data-ad-layout=\"in-article\" data-ad-format=\"fluid\" data-ad-client=\"ca-pub-2102118777505746\" data-ad-slot=\"7301775417\"\/> <\/div>\n<p>Une situation qui, en plus du fait qu\u2019elle soit devenue critique, est\u00a0des plus honteuse. Elle donne une bien pi\u00e8tre image de la Tunisie et de sa soci\u00e9t\u00e9 civile. Sans oublier que la situation explosive en Libye risque de d\u00e9g\u00e9n\u00e9rer d\u2019un jour \u00e0 l\u2019autre, entrainant un flux important d\u2019immigrants dans la zone.<\/p>\n<p>Le tout est d\u00fb\u00a0\u00e0 une mauvaise gestion manifeste de la part de la direction du bureau national du croissant rouge, qui a d\u00e9courag\u00e9 toutes les organisations mondiales et instances onusiennes, de pouvoir collaborer avec lui.<\/p>\n<p>La situation devrait susciter plus d\u2019int\u00e9r\u00eat de la part des autorit\u00e9s, car le Croissant Rouge Tunisien n\u2019a jamais \u00e9t\u00e9 la propri\u00e9t\u00e9 de qui que ce soit.\u00a0Son mauvais fonctionnement pourrait avoir de terribles retomb\u00e9es sur la Tunisie, notamment, sur sa s\u00e9curit\u00e9.<\/p>\n<div class=\"mvp-org-wrap mvp-org-logo\" itemprop=\"publisher\" itemscope=\"\" itemtype=\"https:\/\/schema.org\/Organization\"><img decoding=\"async\" src=\"https:\/\/www.tunisienumerique.com\/wp-content\/uploads\/2017\/02\/logo_tunisie_numerique.png\"\/><\/div>\n<div class=\"swp_social_panel swp_horizontal_panel swp_flat_fresh swp_default_full_color swp_individual_full_color swp_other_full_color scale-100 scale-\" data-min-width=\"1100\" data-float-color=\"#ffffff\" data-float=\"none\" data-float-mobile=\"none\" data-transition=\"slide\">\n<div class=\"nc_tweetContainer swp_share_button total_shares total_sharesalt\"><span class=\"swp_count\">3 <span class=\"swp_label\">Partages<\/span><\/span><\/div>\n<\/div>\n<div class=\"mvp-related-posts left relative\">\n<h4 class=\"post-header\"><span class=\"post-header\">Lire aussi<\/span><\/h4>\n<\/div>\n<\/div>\n<p>Auteur: LM<br \/>\n<a href=\"https:\/\/www.tunisienumerique.com\/tunisie-video-zarzis-le-croissant-rouge-tunisien-suspend-ses-activites-au-profit-des-immigres-il-est-temps-que-letat-intervienne\/\">Cliquez ici pour lire l&rsquo;article depuis sa source.<\/a><\/p>\n","protected":false},"excerpt":{"rendered":"<p>3 Partages Le responsable local du croissant rouge tunisien \u00e0 Zarzis a d\u00e9clar\u00e9 \u00e0 la correspondante de Tunisienumerique \u00e0 Zarzis, que le bureau local de l\u2019organisation a \u00e9t\u00e9 contraint de suspendre toutes ses activit\u00e9s au profit des immigrants et des demandeurs d\u2019asile qui r\u00e9sident dans la ville, essentiellement, dans deux foyers lou\u00e9s par le CRT [&hellip;]<\/p>\n","protected":false},"author":1789,"featured_media":46918,"comment_status":"closed","ping_status":"closed","sticky":false,"template":"","format":"standard","meta":{"fifu_image_url":"","fifu_image_alt":"","footnotes":""},"categories":[73,55],"tags":[],"class_list":["post-46917","post","type-post","status-publish","format-standard","has-post-thumbnail","hentry","category-actualite","category-tunisie"],"_links":{"self":[{"href":"https:\/\/linitiative.ca\/International\/wp-json\/wp\/v2\/posts\/46917","targetHints":{"allow":["GET"]}}],"collection":[{"href":"https:\/\/linitiative.ca\/International\/wp-json\/wp\/v2\/posts"}],"about":[{"href":"https:\/\/linitiative.ca\/International\/wp-json\/wp\/v2\/types\/post"}],"author":[{"embeddable":true,"href":"https:\/\/linitiative.ca\/International\/wp-json\/wp\/v2\/users\/1789"}],"replies":[{"embeddable":true,"href":"https:\/\/linitiative.ca\/International\/wp-json\/wp\/v2\/comments?post=46917"}],"version-history":[{"count":0,"href":"https:\/\/linitiative.ca\/International\/wp-json\/wp\/v2\/posts\/46917\/revisions"}],"wp:featuredmedia":[{"embeddable":true,"href":"https:\/\/linitiative.ca\/International\/wp-json\/"}],"wp:attachment":[{"href":"https:\/\/linitiative.ca\/International\/wp-json\/wp\/v2\/media?parent=46917"}],"wp:term":[{"taxonomy":"category","embeddable":true,"href":"https:\/\/linitiative.ca\/International\/wp-json\/wp\/v2\/categories?post=46917"},{"taxonomy":"post_tag","embeddable":true,"href":"https:\/\/linitiative.ca\/International\/wp-json\/wp\/v2\/tags?post=46917"}],"curies":[{"name":"wp","href":"https:\/\/api.w.org\/{rel}","templated":true}]}}