{"id":46919,"date":"2019-07-17T14:30:18","date_gmt":"2019-07-17T18:30:18","guid":{"rendered":"https:\/\/linitiative.ca\/International\/tunisie-le-syndicat-des-magistrats-menace-de-boycotter-la-rentree-judiciaire\/"},"modified":"2019-07-17T14:30:18","modified_gmt":"2019-07-17T18:30:18","slug":"tunisie-le-syndicat-des-magistrats-menace-de-boycotter-la-rentree-judiciaire","status":"publish","type":"post","link":"https:\/\/linitiative.ca\/International\/tunisie-le-syndicat-des-magistrats-menace-de-boycotter-la-rentree-judiciaire\/","title":{"rendered":"Tunisie \u2013 Le syndicat des magistrats menace de boycotter la rentr\u00e9e judiciaire"},"content":{"rendered":"<div class=\"post-cont-in left relative\">\n<div class=\"swp_social_panel swp_horizontal_panel swp_flat_fresh swp_default_full_color swp_individual_full_color swp_other_full_color scale-100 scale-\" data-min-width=\"1100\" data-float-color=\"#ffffff\" data-float=\"none\" data-float-mobile=\"none\" data-transition=\"slide\">\n<div class=\"nc_tweetContainer swp_share_button total_shares total_sharesalt\"><span class=\"swp_count\">20 <span class=\"swp_label\">Partages<\/span><\/span><\/div>\n<\/div>\n<p>Le syndicat des magistrats a annonc\u00e9 qu\u2019il a adress\u00e9 un ultimatum \u00e0 l\u2019Etat, pour qu\u2019il satisfasse ses revendications, notamment, en ce qui concerne la r\u00e9vision de la prime d\u2019astreinte, ainsi que les primes sp\u00e9cifiques pour les cours sp\u00e9ciales, \u00e0 l\u2019instar du p\u00f4le judiciaire anti terroriste et le p\u00f4le financier.<\/p>\n<p>Faute de quoi, le syndicat menace de boycotter les s\u00e9ances d\u2019astreinte, avec des possibilit\u00e9s d\u2019escalade, allant jusqu\u2019au boycott de la rentr\u00e9e judiciaire.<\/p>\n<div class=\"code-block code-block-1 c3\"><ins class=\"adsbygoogle c2\" data-ad-layout=\"in-article\" data-ad-format=\"fluid\" data-ad-client=\"ca-pub-2102118777505746\" data-ad-slot=\"7301775417\"\/> <\/div>\n<p>Le syndicat d\u00e9plore la situation mat\u00e9rielle d\u00e9grad\u00e9e des magistrats et fait endosser \u00e0 l\u2019Etat la responsabilit\u00e9 des d\u00e9parts massifs des magistrats en retraite anticip\u00e9e ou vers le priv\u00e9 et le refus de nombreux confr\u00e8res certaines nominations\u00a0\u00e0 des postes et fonctions d\u00e9licats.<\/p>\n<div class=\"mvp-org-wrap mvp-org-logo\" itemprop=\"publisher\" itemscope=\"\" itemtype=\"https:\/\/schema.org\/Organization\"><img decoding=\"async\" src=\"https:\/\/www.tunisienumerique.com\/wp-content\/uploads\/2017\/02\/logo_tunisie_numerique.png\"\/><\/div>\n<div class=\"swp_social_panel swp_horizontal_panel swp_flat_fresh swp_default_full_color swp_individual_full_color swp_other_full_color scale-100 scale-\" data-min-width=\"1100\" data-float-color=\"#ffffff\" data-float=\"none\" data-float-mobile=\"none\" data-transition=\"slide\">\n<div class=\"nc_tweetContainer swp_share_button total_shares total_sharesalt\"><span class=\"swp_count\">20 <span class=\"swp_label\">Partages<\/span><\/span><\/div>\n<\/div>\n<div class=\"mvp-related-posts left relative\">\n<h4 class=\"post-header\"><span class=\"post-header\">Lire aussi<\/span><\/h4>\n<\/div>\n<\/div>\n<p>Auteur: LM<br \/>\n<a href=\"https:\/\/www.tunisienumerique.com\/tunisie-le-syndicat-des-magistrats-menace-de-boycotter-la-rentree-judiciaire\/\">Cliquez ici pour lire l&rsquo;article depuis sa source.<\/a><\/p>\n","protected":false},"excerpt":{"rendered":"<p>20 Partages Le syndicat des magistrats a annonc\u00e9 qu\u2019il a adress\u00e9 un ultimatum \u00e0 l\u2019Etat, pour qu\u2019il satisfasse ses revendications, notamment, en ce qui concerne la r\u00e9vision de la prime d\u2019astreinte, ainsi que les primes sp\u00e9cifiques pour les cours sp\u00e9ciales, \u00e0 l\u2019instar du p\u00f4le judiciaire anti terroriste et le p\u00f4le financier. Faute de quoi, le [&hellip;]<\/p>\n","protected":false},"author":1789,"featured_media":46920,"comment_status":"closed","ping_status":"closed","sticky":false,"template":"","format":"standard","meta":{"fifu_image_url":"","fifu_image_alt":"","footnotes":""},"categories":[73,55],"tags":[],"class_list":["post-46919","post","type-post","status-publish","format-standard","has-post-thumbnail","hentry","category-actualite","category-tunisie"],"_links":{"self":[{"href":"https:\/\/linitiative.ca\/International\/wp-json\/wp\/v2\/posts\/46919","targetHints":{"allow":["GET"]}}],"collection":[{"href":"https:\/\/linitiative.ca\/International\/wp-json\/wp\/v2\/posts"}],"about":[{"href":"https:\/\/linitiative.ca\/International\/wp-json\/wp\/v2\/types\/post"}],"author":[{"embeddable":true,"href":"https:\/\/linitiative.ca\/International\/wp-json\/wp\/v2\/users\/1789"}],"replies":[{"embeddable":true,"href":"https:\/\/linitiative.ca\/International\/wp-json\/wp\/v2\/comments?post=46919"}],"version-history":[{"count":0,"href":"https:\/\/linitiative.ca\/International\/wp-json\/wp\/v2\/posts\/46919\/revisions"}],"wp:featuredmedia":[{"embeddable":true,"href":"https:\/\/linitiative.ca\/International\/wp-json\/"}],"wp:attachment":[{"href":"https:\/\/linitiative.ca\/International\/wp-json\/wp\/v2\/media?parent=46919"}],"wp:term":[{"taxonomy":"category","embeddable":true,"href":"https:\/\/linitiative.ca\/International\/wp-json\/wp\/v2\/categories?post=46919"},{"taxonomy":"post_tag","embeddable":true,"href":"https:\/\/linitiative.ca\/International\/wp-json\/wp\/v2\/tags?post=46919"}],"curies":[{"name":"wp","href":"https:\/\/api.w.org\/{rel}","templated":true}]}}