{"id":46921,"date":"2019-07-17T14:50:30","date_gmt":"2019-07-17T18:50:30","guid":{"rendered":"https:\/\/linitiative.ca\/International\/tunisie-comment-ghannouchi-a-t-il-massacre-la-liste-de-ben-arous\/"},"modified":"2019-07-17T14:50:30","modified_gmt":"2019-07-17T18:50:30","slug":"tunisie-comment-ghannouchi-a-t-il-massacre-la-liste-de-ben-arous","status":"publish","type":"post","link":"https:\/\/linitiative.ca\/International\/tunisie-comment-ghannouchi-a-t-il-massacre-la-liste-de-ben-arous\/","title":{"rendered":"Tunisie \u2013 Comment Ghannouchi a-t-il massacr\u00e9 la liste de Ben Arous\u00a0?"},"content":{"rendered":"<div class=\"post-cont-in left relative\">\n<div class=\"swp_social_panel swp_horizontal_panel swp_flat_fresh swp_default_full_color swp_individual_full_color swp_other_full_color scale-100 scale-\" data-min-width=\"1100\" data-float-color=\"#ffffff\" data-float=\"none\" data-float-mobile=\"none\" data-transition=\"slide\">\n<div class=\"nc_tweetContainer swp_share_button total_shares total_sharesalt\"><span class=\"swp_count\">28 <span class=\"swp_label\">Partages<\/span><\/span><\/div>\n<\/div>\n<p>Dans le cadre des remaniements qu\u2019il a op\u00e9r\u00e9 sur les listes \u00e9lectorales du parti, pour les prochaines l\u00e9gislatives, le pr\u00e9sident d\u2019Ennahdha, Rached Ghannouchi n\u2019a pas \u00e9pargn\u00e9 Ben Arous. Comme cette liste est pr\u00e9sid\u00e9e, selon la volont\u00e9 des \u00e9lecteurs r\u00e9gionaux, par Noureddine Bhiri, actuel pr\u00e9sident du bloc parlementaire du parti et assez proche du Cheikh, celui-ci n\u2019a pas eu d\u2019autre alternative que de le maintenir en t\u00eate de liste\u2026 Par contre, il a chang\u00e9 les huit\u00a0 autres noms qui figuraient sur la liste de Ben Arous.<\/p>\n<div class=\"mvp-org-wrap mvp-org-logo\" itemprop=\"publisher\" itemscope=\"\" itemtype=\"https:\/\/schema.org\/Organization\"><img decoding=\"async\" src=\"https:\/\/www.tunisienumerique.com\/wp-content\/uploads\/2017\/02\/logo_tunisie_numerique.png\"\/><\/div>\n<div class=\"swp_social_panel swp_horizontal_panel swp_flat_fresh swp_default_full_color swp_individual_full_color swp_other_full_color scale-100 scale-\" data-min-width=\"1100\" data-float-color=\"#ffffff\" data-float=\"none\" data-float-mobile=\"none\" data-transition=\"slide\">\n<div class=\"nc_tweetContainer swp_share_button total_shares total_sharesalt\"><span class=\"swp_count\">28 <span class=\"swp_label\">Partages<\/span><\/span><\/div>\n<\/div>\n<div class=\"mvp-related-posts left relative\">\n<h4 class=\"post-header\"><span class=\"post-header\">Lire aussi<\/span><\/h4>\n<\/div>\n<\/div>\n<p>Auteur: LM<br \/>\n<a href=\"https:\/\/www.tunisienumerique.com\/tunisie-comment-ghannouchi-a-t-il-massacre-la-liste-de-ben-arous\/\">Cliquez ici pour lire l&rsquo;article depuis sa source.<\/a><\/p>\n","protected":false},"excerpt":{"rendered":"<p>28 Partages Dans le cadre des remaniements qu\u2019il a op\u00e9r\u00e9 sur les listes \u00e9lectorales du parti, pour les prochaines l\u00e9gislatives, le pr\u00e9sident d\u2019Ennahdha, Rached Ghannouchi n\u2019a pas \u00e9pargn\u00e9 Ben Arous. Comme cette liste est pr\u00e9sid\u00e9e, selon la volont\u00e9 des \u00e9lecteurs r\u00e9gionaux, par Noureddine Bhiri, actuel pr\u00e9sident du bloc parlementaire du parti et assez proche du [&hellip;]<\/p>\n","protected":false},"author":1789,"featured_media":46922,"comment_status":"closed","ping_status":"closed","sticky":false,"template":"","format":"standard","meta":{"fifu_image_url":"","fifu_image_alt":"","footnotes":""},"categories":[73,55],"tags":[],"class_list":["post-46921","post","type-post","status-publish","format-standard","has-post-thumbnail","hentry","category-actualite","category-tunisie"],"_links":{"self":[{"href":"https:\/\/linitiative.ca\/International\/wp-json\/wp\/v2\/posts\/46921","targetHints":{"allow":["GET"]}}],"collection":[{"href":"https:\/\/linitiative.ca\/International\/wp-json\/wp\/v2\/posts"}],"about":[{"href":"https:\/\/linitiative.ca\/International\/wp-json\/wp\/v2\/types\/post"}],"author":[{"embeddable":true,"href":"https:\/\/linitiative.ca\/International\/wp-json\/wp\/v2\/users\/1789"}],"replies":[{"embeddable":true,"href":"https:\/\/linitiative.ca\/International\/wp-json\/wp\/v2\/comments?post=46921"}],"version-history":[{"count":0,"href":"https:\/\/linitiative.ca\/International\/wp-json\/wp\/v2\/posts\/46921\/revisions"}],"wp:featuredmedia":[{"embeddable":true,"href":"https:\/\/linitiative.ca\/International\/wp-json\/"}],"wp:attachment":[{"href":"https:\/\/linitiative.ca\/International\/wp-json\/wp\/v2\/media?parent=46921"}],"wp:term":[{"taxonomy":"category","embeddable":true,"href":"https:\/\/linitiative.ca\/International\/wp-json\/wp\/v2\/categories?post=46921"},{"taxonomy":"post_tag","embeddable":true,"href":"https:\/\/linitiative.ca\/International\/wp-json\/wp\/v2\/tags?post=46921"}],"curies":[{"name":"wp","href":"https:\/\/api.w.org\/{rel}","templated":true}]}}