{"id":46923,"date":"2019-07-17T14:54:47","date_gmt":"2019-07-17T18:54:47","guid":{"rendered":"https:\/\/linitiative.ca\/International\/ennahdha-hayet-amri-une-enieme-victime-des-sombres-calculs-de-rached-ghannouchi\/"},"modified":"2019-07-17T14:54:47","modified_gmt":"2019-07-17T18:54:47","slug":"ennahdha-hayet-amri-une-enieme-victime-des-sombres-calculs-de-rached-ghannouchi","status":"publish","type":"post","link":"https:\/\/linitiative.ca\/International\/ennahdha-hayet-amri-une-enieme-victime-des-sombres-calculs-de-rached-ghannouchi\/","title":{"rendered":"Ennahdha\u00a0: Hayet Amri, une \u00e9ni\u00e8me victime des \u00ab\u00a0sombres calculs\u00a0\u00bb de Rached Ghannouchi"},"content":{"rendered":"<div class=\"post-cont-in left relative\">\n<div class=\"swp_social_panel swp_horizontal_panel swp_flat_fresh swp_default_full_color swp_individual_full_color swp_other_full_color scale-100 scale-\" data-min-width=\"1100\" data-float-color=\"#ffffff\" data-float=\"none\" data-float-mobile=\"none\" data-transition=\"slide\">\n<div class=\"nc_tweetContainer swp_share_button total_shares total_sharesalt\"><span class=\"swp_count\">53 <span class=\"swp_label\">Partages<\/span><\/span><\/div>\n<\/div>\n<p>La d\u00e9put\u00e9e du bloc parlementaire Ennahdha \u00e0 l\u2019ARP, Hayet Amri vient de faire, \u00e0 ses frais, l\u2019objet des sombres calculs effectu\u00e9s par le Cheikh Rached Ghannouchi, pr\u00e9sident du parti islamiste, quand il s\u2019est donn\u00e9 le droit de changer la plupart des t\u00eates de listes du parti, pour les prochaines \u00e9lections l\u00e9gislatives, soulevant ainsi, une grogne grandissante dans les rangs du parti et qui semble aller droit vers la mutinerie, \u00e0 moins d\u2019un changement de position de derni\u00e8re minute du Cheikh.<\/p>\n<p>En effet, le Cheikh a cru bon d\u2019\u00e9vincer Hayet Amri de la t\u00eate de liste de Sidi Bouzid o\u00f9 elle avait \u00e9t\u00e9 \u00e9lue et a obtenu la confiance des cadres r\u00e9gionaux du parti.<\/p>\n<div class=\"code-block code-block-1 c3\"><ins class=\"adsbygoogle c2\" data-ad-layout=\"in-article\" data-ad-format=\"fluid\" data-ad-client=\"ca-pub-2102118777505746\" data-ad-slot=\"7301775417\"\/> <\/div>\n<p>Ce faisant, Ghannouchi n\u2019a donn\u00e9 aucune esp\u00e8ce d\u2019attention \u00e0 la personne qu\u2019il a, en quelque sorte, l\u00e9s\u00e9e, puisque Hayet Amri est, bien plus qu\u2019une simple \u00e9lue. Il s\u2019agit d\u2019une universitaire, chercheuse en chimie, s\u00e9lectionn\u00e9e en 2017 par le conseil arabe de la femme relevant de la Ligue arabe, parmi les femmes les plus influentes dans le monde arabe.<\/p>\n<p>Un classement qu\u2019elle explique par ses efforts en mati\u00e8re d\u2019encadrement des chercheurs et ses multiples participations aux forums scientifiques internationaux.<\/p>\n<p>Par ailleurs, en 2015, Amri avait \u00e9t\u00e9 d\u00e9sign\u00e9e pr\u00e9sidente d\u2019honneur de la F\u00e9d\u00e9ration fran\u00e7aise des inventeurs, devenant ainsi, la premi\u00e8re femme arabe \u00e0 recevoir cette cons\u00e9cration.<\/p>\n<p>En plus de n\u2019avoir pas \u00e9t\u00e9 impressionn\u00e9 par ce CV, Ghannouchi a laiss\u00e9 tomber la parole et les choix de ses bases \u00e0 Sidi Bouzid, ceux l\u00e0 m\u00eames qui ne cessent de pr\u00e9tendre avoir conduit la r\u00e9volution qui lui a permis de revenir en conqu\u00e9rant en Tunisie.<\/p>\n<p>Le plus intriguant dans cette affaire et dans ces choix qui ont f\u00e2ch\u00e9 tout le monde, reste la raison profonde des agissements\u00a0du Cheikh\u00a0!<\/p>\n<div class=\"mvp-org-wrap mvp-org-logo\" itemprop=\"publisher\" itemscope=\"\" itemtype=\"https:\/\/schema.org\/Organization\"><img decoding=\"async\" src=\"https:\/\/www.tunisienumerique.com\/wp-content\/uploads\/2017\/02\/logo_tunisie_numerique.png\"\/><\/div>\n<div class=\"swp_social_panel swp_horizontal_panel swp_flat_fresh swp_default_full_color swp_individual_full_color swp_other_full_color scale-100 scale-\" data-min-width=\"1100\" data-float-color=\"#ffffff\" data-float=\"none\" data-float-mobile=\"none\" data-transition=\"slide\">\n<div class=\"nc_tweetContainer swp_share_button total_shares total_sharesalt\"><span class=\"swp_count\">53 <span class=\"swp_label\">Partages<\/span><\/span><\/div>\n<\/div>\n<div class=\"mvp-related-posts left relative\">\n<h4 class=\"post-header\"><span class=\"post-header\">Lire aussi<\/span><\/h4>\n<\/div>\n<\/div>\n<p>Auteur: LM<br \/>\n<a href=\"https:\/\/www.tunisienumerique.com\/ennahdha-hayet-amri-une-enieme-victime-des-sombres-calculs-de-rached-ghannouchi\/\">Cliquez ici pour lire l&rsquo;article depuis sa source.<\/a><\/p>\n","protected":false},"excerpt":{"rendered":"<p>53 Partages La d\u00e9put\u00e9e du bloc parlementaire Ennahdha \u00e0 l\u2019ARP, Hayet Amri vient de faire, \u00e0 ses frais, l\u2019objet des sombres calculs effectu\u00e9s par le Cheikh Rached Ghannouchi, pr\u00e9sident du parti islamiste, quand il s\u2019est donn\u00e9 le droit de changer la plupart des t\u00eates de listes du parti, pour les prochaines \u00e9lections l\u00e9gislatives, soulevant ainsi, [&hellip;]<\/p>\n","protected":false},"author":1789,"featured_media":46924,"comment_status":"closed","ping_status":"closed","sticky":false,"template":"","format":"standard","meta":{"fifu_image_url":"","fifu_image_alt":"","footnotes":""},"categories":[73,55],"tags":[],"class_list":["post-46923","post","type-post","status-publish","format-standard","has-post-thumbnail","hentry","category-actualite","category-tunisie"],"_links":{"self":[{"href":"https:\/\/linitiative.ca\/International\/wp-json\/wp\/v2\/posts\/46923","targetHints":{"allow":["GET"]}}],"collection":[{"href":"https:\/\/linitiative.ca\/International\/wp-json\/wp\/v2\/posts"}],"about":[{"href":"https:\/\/linitiative.ca\/International\/wp-json\/wp\/v2\/types\/post"}],"author":[{"embeddable":true,"href":"https:\/\/linitiative.ca\/International\/wp-json\/wp\/v2\/users\/1789"}],"replies":[{"embeddable":true,"href":"https:\/\/linitiative.ca\/International\/wp-json\/wp\/v2\/comments?post=46923"}],"version-history":[{"count":0,"href":"https:\/\/linitiative.ca\/International\/wp-json\/wp\/v2\/posts\/46923\/revisions"}],"wp:featuredmedia":[{"embeddable":true,"href":"https:\/\/linitiative.ca\/International\/wp-json\/"}],"wp:attachment":[{"href":"https:\/\/linitiative.ca\/International\/wp-json\/wp\/v2\/media?parent=46923"}],"wp:term":[{"taxonomy":"category","embeddable":true,"href":"https:\/\/linitiative.ca\/International\/wp-json\/wp\/v2\/categories?post=46923"},{"taxonomy":"post_tag","embeddable":true,"href":"https:\/\/linitiative.ca\/International\/wp-json\/wp\/v2\/tags?post=46923"}],"curies":[{"name":"wp","href":"https:\/\/api.w.org\/{rel}","templated":true}]}}