{"id":46927,"date":"2019-07-17T16:24:53","date_gmt":"2019-07-17T20:24:53","guid":{"rendered":"https:\/\/linitiative.ca\/International\/tunisie-mise-en-service-des-nouveaux-radars-intelligents-connectes\/"},"modified":"2019-07-17T16:24:53","modified_gmt":"2019-07-17T20:24:53","slug":"tunisie-mise-en-service-des-nouveaux-radars-intelligents-connectes","status":"publish","type":"post","link":"https:\/\/linitiative.ca\/International\/tunisie-mise-en-service-des-nouveaux-radars-intelligents-connectes\/","title":{"rendered":"Tunisie \u2013 Mise en service des nouveaux radars intelligents connect\u00e9s"},"content":{"rendered":"<div class=\"post-cont-in left relative\">\n<div class=\"swp_social_panel swp_horizontal_panel swp_flat_fresh swp_default_full_color swp_individual_full_color swp_other_full_color scale-100 scale-\" data-min-width=\"1100\" data-float-color=\"#ffffff\" data-float=\"none\" data-float-mobile=\"none\" data-transition=\"slide\">\n<div class=\"nc_tweetContainer swp_share_button total_shares total_sharesalt\"><span class=\"swp_count\">75 <span class=\"swp_label\">Partages<\/span><\/span><\/div>\n<\/div>\n<p>Les services de la police de la circulation et ceux de la garde nationale ont commenc\u00e9 l\u2019exploitation d\u2019une nouvelle g\u00e9n\u00e9ration de radars intelligents qui flashent les voitures pour tout type de contravention, allant de l\u2019exc\u00e8s de vitesse, \u00e0 l\u2019usage du t\u00e9l\u00e9phone au volant, en passant par le non respect du port de la ceinture de s\u00e9curit\u00e9.<\/p>\n<p>Ces radars constatent la contravention, l\u2019enregistrent et l\u2019envoient, sur le champ.<\/p>\n<div class=\"code-block code-block-1 c3\"><ins class=\"adsbygoogle c2\" data-ad-layout=\"in-article\" data-ad-format=\"fluid\" data-ad-client=\"ca-pub-2102118777505746\" data-ad-slot=\"7301775417\"\/> <\/div>\n<p>Les usagers de la route sont donc avertis\u00a0!<\/p>\n<p><img loading=\"lazy\" decoding=\"async\" class=\"aligncenter size-full wp-image-448970\" src=\"https:\/\/www.tunisienumerique.com\/wp-content\/uploads\/2019\/07\/radar.jpg\" alt=\"\" width=\"533\" height=\"960\"\/><\/p>\n<div class=\"mvp-org-wrap mvp-org-logo\" itemprop=\"publisher\" itemscope=\"\" itemtype=\"https:\/\/schema.org\/Organization\"><img decoding=\"async\" src=\"https:\/\/www.tunisienumerique.com\/wp-content\/uploads\/2017\/02\/logo_tunisie_numerique.png\"\/><\/div>\n<div class=\"swp_social_panel swp_horizontal_panel swp_flat_fresh swp_default_full_color swp_individual_full_color swp_other_full_color scale-100 scale-\" data-min-width=\"1100\" data-float-color=\"#ffffff\" data-float=\"none\" data-float-mobile=\"none\" data-transition=\"slide\">\n<div class=\"nc_tweetContainer swp_share_button total_shares total_sharesalt\"><span class=\"swp_count\">75 <span class=\"swp_label\">Partages<\/span><\/span><\/div>\n<\/div>\n<div class=\"mvp-related-posts left relative\">\n<h4 class=\"post-header\"><span class=\"post-header\">Lire aussi<\/span><\/h4>\n<\/div>\n<\/div>\n<p>Auteur: LM<br \/>\n<a href=\"https:\/\/www.tunisienumerique.com\/tunisie-mise-en-service-des-nouveaux-radars-intelligents-connectes\/\">Cliquez ici pour lire l&rsquo;article depuis sa source.<\/a><\/p>\n","protected":false},"excerpt":{"rendered":"<p>75 Partages Les services de la police de la circulation et ceux de la garde nationale ont commenc\u00e9 l\u2019exploitation d\u2019une nouvelle g\u00e9n\u00e9ration de radars intelligents qui flashent les voitures pour tout type de contravention, allant de l\u2019exc\u00e8s de vitesse, \u00e0 l\u2019usage du t\u00e9l\u00e9phone au volant, en passant par le non respect du port de la [&hellip;]<\/p>\n","protected":false},"author":1789,"featured_media":46928,"comment_status":"closed","ping_status":"closed","sticky":false,"template":"","format":"standard","meta":{"fifu_image_url":"","fifu_image_alt":"","footnotes":""},"categories":[73,55],"tags":[],"class_list":["post-46927","post","type-post","status-publish","format-standard","has-post-thumbnail","hentry","category-actualite","category-tunisie"],"_links":{"self":[{"href":"https:\/\/linitiative.ca\/International\/wp-json\/wp\/v2\/posts\/46927","targetHints":{"allow":["GET"]}}],"collection":[{"href":"https:\/\/linitiative.ca\/International\/wp-json\/wp\/v2\/posts"}],"about":[{"href":"https:\/\/linitiative.ca\/International\/wp-json\/wp\/v2\/types\/post"}],"author":[{"embeddable":true,"href":"https:\/\/linitiative.ca\/International\/wp-json\/wp\/v2\/users\/1789"}],"replies":[{"embeddable":true,"href":"https:\/\/linitiative.ca\/International\/wp-json\/wp\/v2\/comments?post=46927"}],"version-history":[{"count":0,"href":"https:\/\/linitiative.ca\/International\/wp-json\/wp\/v2\/posts\/46927\/revisions"}],"wp:featuredmedia":[{"embeddable":true,"href":"https:\/\/linitiative.ca\/International\/wp-json\/"}],"wp:attachment":[{"href":"https:\/\/linitiative.ca\/International\/wp-json\/wp\/v2\/media?parent=46927"}],"wp:term":[{"taxonomy":"category","embeddable":true,"href":"https:\/\/linitiative.ca\/International\/wp-json\/wp\/v2\/categories?post=46927"},{"taxonomy":"post_tag","embeddable":true,"href":"https:\/\/linitiative.ca\/International\/wp-json\/wp\/v2\/tags?post=46927"}],"curies":[{"name":"wp","href":"https:\/\/api.w.org\/{rel}","templated":true}]}}