{"id":46930,"date":"2019-07-17T15:18:03","date_gmt":"2019-07-17T19:18:03","guid":{"rendered":"https:\/\/linitiative.ca\/International\/un-commissaire-de-police-limoge-apres-la-mort-de-11-detenus-a-ouagadougou\/"},"modified":"2019-07-17T15:18:03","modified_gmt":"2019-07-17T19:18:03","slug":"un-commissaire-de-police-limoge-apres-la-mort-de-11-detenus-a-ouagadougou","status":"publish","type":"post","link":"https:\/\/linitiative.ca\/International\/un-commissaire-de-police-limoge-apres-la-mort-de-11-detenus-a-ouagadougou\/","title":{"rendered":"Un commissaire de police limog\u00e9 apr\u00e8s la mort de 11 d\u00e9tenus \u00e0 Ouagadougou"},"content":{"rendered":"<div readability=\"32\">\n<p>Publi\u00e9 le 17.07.2019 \u00e0 20h18 par APA News<\/p>\n<\/div>\n<div readability=\"55\">\n<p>Le Commissaire Richard B\u00e9lem, premier responsable de l\u2019unit\u00e9 antidrogue de Ouagadougou o\u00f9 onze personnes gard\u00e9es \u00e0 vue ont perdu la vie en d\u00e9but de semaine, a \u00e9t\u00e9 relev\u00e9 mercredi de ses fonctions.Selon une proche du dossier contact\u00e9e par APA, les premiers r\u00e9sultats de l\u2019enqu\u00eate ont r\u00e9v\u00e9l\u00e9 que ce drame serait la cons\u00e9quence \u00abd\u2019une n\u00e9gligence et d\u2019une irresponsabilit\u00e9\u00bb. Elle pr\u00e9cise que le limogeage du commissaire de l\u2019Unit\u00e9 antidrogue est une d\u00e9cision de la Direction g\u00e9n\u00e9rale de la police nationale \u00ab\u00e0 titre conservatoire\u00bb.<\/p>\n<p>Dans un communiqu\u00e9 rendu public lundi soir, le Procureur du Faso pr\u00e8s le Tribunal de grande instance de Ouagadougou avait annonc\u00e9 l\u2019ouverture d\u2019une enqu\u00eate pour situer les responsabilit\u00e9s dans cette affaire.<\/p>\n<p>Les informations renseignent que les onze personnes ont \u00e9t\u00e9 retrouv\u00e9es mortes \u00e0 l\u2019unit\u00e9 anti-drogue de la police, \u00e0 Ouagadougou, le lundi 15 juillet 2019, alors qu\u2019elles avaient \u00e9t\u00e9 plac\u00e9es en garde \u00e0 vue dans le cadre d\u2019une enqu\u00eate sur un trafic de drogue.\u00a0<\/p>\n<p>Ces personnes ont \u00e9t\u00e9 interpell\u00e9es durant le weekend-end du 12 au 13 juillet. \u00a0Il s\u2019agirait de clients, de revendeurs, de fournisseurs et de consommateurs de stup\u00e9fiants. \u00a0<\/p>\n<\/div>\n<p>Auteur: APA News<br \/>\n<a href=\"https:\/\/www.journalducameroun.com\/un-commissaire-de-police-limoge-apres-la-mort-de-11-detenus-a-ouagadougou\/\">Cliquez ici pour lire l&rsquo;article depuis sa source.<\/a><\/p>\n","protected":false},"excerpt":{"rendered":"<p>Publi\u00e9 le 17.07.2019 \u00e0 20h18 par APA News Le Commissaire Richard B\u00e9lem, premier responsable de l\u2019unit\u00e9 antidrogue de Ouagadougou o\u00f9 onze personnes gard\u00e9es \u00e0 vue ont perdu la vie en d\u00e9but de semaine, a \u00e9t\u00e9 relev\u00e9 mercredi de ses fonctions.Selon une proche du dossier contact\u00e9e par APA, les premiers r\u00e9sultats de l\u2019enqu\u00eate ont r\u00e9v\u00e9l\u00e9 que [&hellip;]<\/p>\n","protected":false},"author":1965,"featured_media":0,"comment_status":"closed","ping_status":"closed","sticky":false,"template":"","format":"standard","meta":{"fifu_image_url":"","fifu_image_alt":"","footnotes":""},"categories":[73,82],"tags":[],"class_list":["post-46930","post","type-post","status-publish","format-standard","hentry","category-actualite","category-cameroun"],"_links":{"self":[{"href":"https:\/\/linitiative.ca\/International\/wp-json\/wp\/v2\/posts\/46930","targetHints":{"allow":["GET"]}}],"collection":[{"href":"https:\/\/linitiative.ca\/International\/wp-json\/wp\/v2\/posts"}],"about":[{"href":"https:\/\/linitiative.ca\/International\/wp-json\/wp\/v2\/types\/post"}],"author":[{"embeddable":true,"href":"https:\/\/linitiative.ca\/International\/wp-json\/wp\/v2\/users\/1965"}],"replies":[{"embeddable":true,"href":"https:\/\/linitiative.ca\/International\/wp-json\/wp\/v2\/comments?post=46930"}],"version-history":[{"count":0,"href":"https:\/\/linitiative.ca\/International\/wp-json\/wp\/v2\/posts\/46930\/revisions"}],"wp:attachment":[{"href":"https:\/\/linitiative.ca\/International\/wp-json\/wp\/v2\/media?parent=46930"}],"wp:term":[{"taxonomy":"category","embeddable":true,"href":"https:\/\/linitiative.ca\/International\/wp-json\/wp\/v2\/categories?post=46930"},{"taxonomy":"post_tag","embeddable":true,"href":"https:\/\/linitiative.ca\/International\/wp-json\/wp\/v2\/tags?post=46930"}],"curies":[{"name":"wp","href":"https:\/\/api.w.org\/{rel}","templated":true}]}}