{"id":46932,"date":"2019-07-17T15:50:01","date_gmt":"2019-07-17T19:50:01","guid":{"rendered":"https:\/\/linitiative.ca\/International\/loms-declare-lepidemie-debola-une-urgence-sanitaire-mondiale\/"},"modified":"2019-07-17T15:50:01","modified_gmt":"2019-07-17T19:50:01","slug":"loms-declare-lepidemie-debola-une-urgence-sanitaire-mondiale","status":"publish","type":"post","link":"https:\/\/linitiative.ca\/International\/loms-declare-lepidemie-debola-une-urgence-sanitaire-mondiale\/","title":{"rendered":"L\u2019OMS d\u00e9clare l\u2019\u00e9pid\u00e9mie d\u2019Ebola une \u00ab\u00a0urgence\u00a0\u00bb sanitaire mondiale\u00a0"},"content":{"rendered":"<div readability=\"32\">\n<p>Publi\u00e9 le 17.07.2019 \u00e0 20h50 par AFP<\/p>\n<\/div>\n<div readability=\"96\">\n<p>L\u2019organisation mondiale de la sant\u00e9 (OMS) a d\u00e9clar\u00e9 mercredi que l\u2019\u00e9pid\u00e9mie d\u2019Ebola, qui a fait pr\u00e8s de 1.700 morts depuis l\u2019\u00e9t\u00e9 dernier en R\u00e9publique d\u00e9mocratique du Congo, \u00e9tait d\u00e9sormais une \u00ab\u00a0urgence\u00a0\u00bb sanitaire mondiale.<\/p>\n<p>Le directeur g\u00e9n\u00e9ral de l\u2019OMS, Tedros Adhanom Ghebreyesus, a indiqu\u00e9 qu\u2019il \u00ab\u00a0\u00e9tait temps pour le monde de prendre acte\u00a0\u00bb de l\u2019\u00e9pid\u00e9mie, mais il a recommand\u00e9 que les fronti\u00e8res de la RDCongo avec ses voisins restent ouvertes.<\/p>\n<p>L\u2019agence sp\u00e9cialis\u00e9e de l\u2019ONU sur la sant\u00e9 a pris sa d\u00e9cision apr\u00e8s la d\u00e9couverte d\u2019un cas mortel dans la deuxi\u00e8me ville de la RDC, Goma, situ\u00e9e \u00e0 la fronti\u00e8re avec le Rwanda. En juin, deux cas avaient \u00e9galement \u00e9t\u00e9 d\u00e9tect\u00e9s en Ouganda voisin.<\/p>\n<p>L\u2019urgence sanitaire mondiale est une mesure exceptionnelle, qui n\u2019a \u00e9t\u00e9 d\u00e9cr\u00e9t\u00e9e que quatre fois seulement par l\u2019OMS: en 2009 pour la grippe H1N1, en 2014 pour la poliomy\u00e9lite, en 2014 pour l\u2019\u00e9pid\u00e9mie d\u2019Ebola qui a fait plus de 11.300 morts dans trois pays d\u2019Afrique de l\u2019Ouest (Liberia, Guin\u00e9e, Sierra Leone) et en 2016 pour le virus Zika.<\/p>\n<p>\u00ab\u00a0Le risque de diss\u00e9mination d\u2019Ebola dans la r\u00e9gion reste \u00e9lev\u00e9, mais il reste faible en dehors\u00a0\u00bb, a affirm\u00e9 le Dr Tedros.<\/p>\n<p>Le virus se transmet \u00e0 l\u2019\u00eatre humain par contact soit avec des animaux infect\u00e9s (en g\u00e9n\u00e9ral en les d\u00e9pe\u00e7ant, en les cuisant ou en les mangeant), soit avec des fluides biologiques de personnes infect\u00e9es.<\/p>\n<p>Dans un communiqu\u00e9, l\u2019OMS a pr\u00e9cis\u00e9 que la d\u00e9claration d\u2019urgence sanitaire mondiale ne pr\u00e9jugeait pas de l\u2019efficacit\u00e9 des \u00e9quipes sanitaires sur place, \u00ab\u00a0mais \u00e9tait plut\u00f4t une mesure pour reconna\u00eetre les risques potentiels au niveau local et r\u00e9gional et la n\u00e9cessit\u00e9 d\u2019une action intensifi\u00e9e et coordonn\u00e9e pour y faire face\u00a0\u00bb.<\/p>\n<p>\u00ab\u00a0Il est crucial que les Etats n\u2019utilisent pas le statut d\u2019urgence mondiale comme excuse pour imposer des restrictions au commerce et aux d\u00e9placements qui auraient un impact n\u00e9gatif sur la r\u00e9ponse (sanitaire) et sur la vie de la population dans la r\u00e9gion\u00a0\u00bb, a soulign\u00e9 le Professeur Robert Steffen, chef du Comit\u00e9 d\u2019urgence de l\u2019OMS.<\/p>\n<p>Les experts r\u00e9unis \u00e0 Gen\u00e8ve depuis mercredi midi ont \u00e9galement exprim\u00e9 leur \u00ab\u00a0d\u00e9ception au sujet des retards dans le financement\u00a0\u00bb de l\u2019aide.<\/p>\n<p>Le Comit\u00e9 a notamment reconnu qu\u2019il y avait une p\u00e9nurie de vaccins jug\u00e9s efficaces pour contrecarrer l\u2019\u00e9pid\u00e9mie. Il a recommand\u00e9 \u00e0 l\u2019OMS de demander un effort aux Etats et aux laboratoires.<\/p>\n<p>L\u2019\u00e9pid\u00e9mie actuelle est la dixi\u00e8me depuis 1976 en RDC et la deuxi\u00e8me plus grave dans l\u2019histoire d\u2019Ebola, apr\u00e8s l\u2019\u00e9pid\u00e9mie qui a frapp\u00e9 l\u2019Afrique de l\u2019Ouest en 2014-2016.<\/p>\n<\/div>\n<p>Auteur: AFP<br \/>\n<a href=\"https:\/\/www.journalducameroun.com\/loms-declare-lepidemie-debola-une-urgence-sanitaire-mondiale\/\">Cliquez ici pour lire l&rsquo;article depuis sa source.<\/a><\/p>\n","protected":false},"excerpt":{"rendered":"<p>Publi\u00e9 le 17.07.2019 \u00e0 20h50 par AFP L\u2019organisation mondiale de la sant\u00e9 (OMS) a d\u00e9clar\u00e9 mercredi que l\u2019\u00e9pid\u00e9mie d\u2019Ebola, qui a fait pr\u00e8s de 1.700 morts depuis l\u2019\u00e9t\u00e9 dernier en R\u00e9publique d\u00e9mocratique du Congo, \u00e9tait d\u00e9sormais une \u00ab\u00a0urgence\u00a0\u00bb sanitaire mondiale. Le directeur g\u00e9n\u00e9ral de l\u2019OMS, Tedros Adhanom Ghebreyesus, a indiqu\u00e9 qu\u2019il \u00ab\u00a0\u00e9tait temps pour le [&hellip;]<\/p>\n","protected":false},"author":1965,"featured_media":0,"comment_status":"closed","ping_status":"closed","sticky":false,"template":"","format":"standard","meta":{"fifu_image_url":"","fifu_image_alt":"","footnotes":""},"categories":[73,82],"tags":[],"class_list":["post-46932","post","type-post","status-publish","format-standard","hentry","category-actualite","category-cameroun"],"_links":{"self":[{"href":"https:\/\/linitiative.ca\/International\/wp-json\/wp\/v2\/posts\/46932","targetHints":{"allow":["GET"]}}],"collection":[{"href":"https:\/\/linitiative.ca\/International\/wp-json\/wp\/v2\/posts"}],"about":[{"href":"https:\/\/linitiative.ca\/International\/wp-json\/wp\/v2\/types\/post"}],"author":[{"embeddable":true,"href":"https:\/\/linitiative.ca\/International\/wp-json\/wp\/v2\/users\/1965"}],"replies":[{"embeddable":true,"href":"https:\/\/linitiative.ca\/International\/wp-json\/wp\/v2\/comments?post=46932"}],"version-history":[{"count":0,"href":"https:\/\/linitiative.ca\/International\/wp-json\/wp\/v2\/posts\/46932\/revisions"}],"wp:attachment":[{"href":"https:\/\/linitiative.ca\/International\/wp-json\/wp\/v2\/media?parent=46932"}],"wp:term":[{"taxonomy":"category","embeddable":true,"href":"https:\/\/linitiative.ca\/International\/wp-json\/wp\/v2\/categories?post=46932"},{"taxonomy":"post_tag","embeddable":true,"href":"https:\/\/linitiative.ca\/International\/wp-json\/wp\/v2\/tags?post=46932"}],"curies":[{"name":"wp","href":"https:\/\/api.w.org\/{rel}","templated":true}]}}