{"id":46933,"date":"2019-07-17T15:50:03","date_gmt":"2019-07-17T19:50:03","guid":{"rendered":"https:\/\/linitiative.ca\/International\/gb-ultimes-questions-sur-le-brexit-aux-candidats-a-downing-street\/"},"modified":"2019-07-17T15:50:03","modified_gmt":"2019-07-17T19:50:03","slug":"gb-ultimes-questions-sur-le-brexit-aux-candidats-a-downing-street","status":"publish","type":"post","link":"https:\/\/linitiative.ca\/International\/gb-ultimes-questions-sur-le-brexit-aux-candidats-a-downing-street\/","title":{"rendered":"GB: ultimes questions sur le Brexit aux candidats \u00e0 Downing Street"},"content":{"rendered":"<div readability=\"32\">\n<p>Publi\u00e9 le 17.07.2019 \u00e0 20h50 par AFP<\/p>\n<\/div>\n<div readability=\"123\">\n<p>Les candidats au poste de Premier ministre britannique vont r\u00e9pondre mercredi aux militants conservateurs sur leurs strat\u00e9gies pour le Brexit, pour la derni\u00e8re fois avant l\u2019annonce du vainqueur et en pleine sp\u00e9culation sur un d\u00e9part de l\u2019UE sans accord.<\/p>\n<p>Lors d\u2019une ultime session de questions-r\u00e9ponses \u00e0 Londres, Boris Johnson et Jeremy Hunt devront expliquer, l\u2019un apr\u00e8s l\u2019autre, comment ils comptent ren\u00e9gocier l\u2019accord de sortie conclu entre la Premi\u00e8re ministre sortante Theresa May et l\u2019Union europ\u00e9enne \u2013 un d\u00e9fi de taille car Bruxelles a fermement refus\u00e9 d\u2019en rediscuter jusqu\u2019\u00e0 pr\u00e9sent.<\/p>\n<p>Six jours avant la d\u00e9signation du nouveau Premier ministre, les craintes d\u2019un Brexit sans accord ont encore fait chuter la livre sterling, qui a touch\u00e9 mercredi de nouveaux plus bas face \u00e0 l\u2019euro et au dollar.<\/p>\n<p>Au coeur des pr\u00e9occupations: le \u00ab\u00a0filet de s\u00e9curit\u00e9\u00a0\u00bb irlandais. Boris Johnson et Jeremy Hunt veulent conclure un accord sans ce dispositif controvers\u00e9 (\u00ab\u00a0backstop\u00a0\u00bb en anglais) qui cr\u00e9e, en dernier recours, un \u00ab\u00a0territoire douanier unique\u00a0\u00bb. L\u2019objectif est notamment d\u2019\u00e9viter le retour d\u2019une fronti\u00e8re physique entre la province britannique d\u2019Irlande du Nord et la R\u00e9publique d\u2019Irlande voisine pour pr\u00e9server les accords de paix de 1998.<\/p>\n<p>\u00ab\u00a0Le backstop, comme il est, est mort, on doit trouver un autre moyen\u00a0\u00bb, a d\u00e9clar\u00e9 lundi lors d\u2019un d\u00e9bat Jeremy Hunt, d\u2019habitude connu pour ses positions moins tranch\u00e9es que Boris Johnson, grand favori des militants. MM. Johnson et Hunt estiment que des moyens technologiques avanc\u00e9s pourraient permettre de contr\u00f4ler les biens traversant la fronti\u00e8re irlandaise, et ce sans imposer de fronti\u00e8re \u00ab\u00a0dure\u00a0\u00bb.<\/p>\n<p>Pour Ursula von der Leyen, \u00e9lue mardi \u00e0 la t\u00eate de la Commission europ\u00e9enne, l\u2019accord de retrait \u00ab\u00a0apporte de la s\u00e9curit\u00e9 en pr\u00e9servant les droits des citoyens et la paix et la stabilit\u00e9 de l\u2019\u00eele d\u2019Irlande, alors que le Brexit cr\u00e9e de l\u2019incertitude\u00a0\u00bb. \u00ab\u00a0Ces deux priorit\u00e9s sont les miennes aussi\u00a0\u00bb, a-t-elle insist\u00e9.<\/p>\n<p>Le gagnant, quel qu\u2019il soit, va \u00ab\u00a0se rendre compte qu\u2019il va avoir besoin de faire des compromis\u00a0\u00bb, a jug\u00e9 de son c\u00f4t\u00e9 la ministre britannique du Travail, la conservatrice Amber Rudd. Son nom sera connu le 23 juillet et il devrait prendre ses fonctions le lendemain.<\/p>\n<p>\u2013 Suspension du Parlement britannique ?<\/p>\n<p>Mercredi, Theresa May a prononc\u00e9 \u00e0 Londres son dernier grand discours avant son d\u00e9part de Downing Street, d\u00e9clarant ne pas avoir de \u00ab\u00a0plus grand regret\u00a0\u00bb que ne pas avoir su mettre en oeuvre le Brexit, pr\u00e9vu initialement le 29 mars mais repouss\u00e9 au 31 octobre.<\/p>\n<p>Ancien ministre des Affaires \u00e9trang\u00e8res et grand artisan de la victoire du r\u00e9f\u00e9rendum en faveur de la sortie de l\u2019UE en 2016, Boris Johnson compte sur un \u00ab\u00a0optimisme\u00a0\u00bb d\u00e9termin\u00e9 pour y parvenir sans c\u00e9der aux 27.<\/p>\n<p>Ursula Von der Leyen s\u2019est dite \u00ab\u00a0pr\u00eate\u00a0\u00bb \u00e0 un nouveau report du Brexit, si \u00ab\u00a0une bonne raison\u00a0\u00bb le justifie. Mais Boris Johnson s\u2019y oppose et, pour lui, le Royaume-Uni quittera l\u2019UE le 31 octobre, accord ou pas.<\/p>\n<p>Il a aussi refus\u00e9 d\u2019\u00e9carter la possibilit\u00e9 de suspendre le Parlement britannique, qui pourrait vouloir bloquer une sortie sans accord. Selon la cha\u00eene britannique Sky News, ses \u00e9quipes consid\u00e8rent la possibilit\u00e9 de terminer la session parlementaire plus t\u00f4t que pr\u00e9vu, ce qui emp\u00eacherait les d\u00e9put\u00e9s de s\u2019opposer \u00e0 un \u00ab\u00a0no deal\u00a0\u00bb si un tel sc\u00e9nario se profilait fin octobre.<\/p>\n<p>Au contraire Jeremy Hunt a assur\u00e9 qu\u2019il ne suspendrait pas le Parlement. L\u2019actuel chef de la diplomatie britannique met en avant ses qualit\u00e9s de n\u00e9gociateur en tant qu\u2019ancien chef d\u2019entreprise \u00e0 succ\u00e8s. Lundi, il a dit que s\u2019il devenait chef du gouvernement, il consacrerait son mois d\u2019ao\u00fbt \u00e0 \u00ab\u00a0la construction\u00a0\u00bb du nouvel accord, le mois de septembre \u00e0 \u00ab\u00a0discuter avec l\u2019UE\u00a0\u00bb et qu\u2019il \u00ab\u00a0permettrait\u00a0\u00bb un report de \u00ab\u00a0quelques jours de plus\u00a0\u00bb en cas d\u2019accord.<\/p>\n<\/div>\n<p>Auteur: AFP<br \/>\n<a href=\"https:\/\/www.journalducameroun.com\/gb-ultimes-questions-sur-le-brexit-aux-candidats-a-downing-street\/\">Cliquez ici pour lire l&rsquo;article depuis sa source.<\/a><\/p>\n","protected":false},"excerpt":{"rendered":"<p>Publi\u00e9 le 17.07.2019 \u00e0 20h50 par AFP Les candidats au poste de Premier ministre britannique vont r\u00e9pondre mercredi aux militants conservateurs sur leurs strat\u00e9gies pour le Brexit, pour la derni\u00e8re fois avant l\u2019annonce du vainqueur et en pleine sp\u00e9culation sur un d\u00e9part de l\u2019UE sans accord. Lors d\u2019une ultime session de questions-r\u00e9ponses \u00e0 Londres, Boris [&hellip;]<\/p>\n","protected":false},"author":1965,"featured_media":0,"comment_status":"closed","ping_status":"closed","sticky":false,"template":"","format":"standard","meta":{"fifu_image_url":"","fifu_image_alt":"","footnotes":""},"categories":[73,82],"tags":[],"class_list":["post-46933","post","type-post","status-publish","format-standard","hentry","category-actualite","category-cameroun"],"_links":{"self":[{"href":"https:\/\/linitiative.ca\/International\/wp-json\/wp\/v2\/posts\/46933","targetHints":{"allow":["GET"]}}],"collection":[{"href":"https:\/\/linitiative.ca\/International\/wp-json\/wp\/v2\/posts"}],"about":[{"href":"https:\/\/linitiative.ca\/International\/wp-json\/wp\/v2\/types\/post"}],"author":[{"embeddable":true,"href":"https:\/\/linitiative.ca\/International\/wp-json\/wp\/v2\/users\/1965"}],"replies":[{"embeddable":true,"href":"https:\/\/linitiative.ca\/International\/wp-json\/wp\/v2\/comments?post=46933"}],"version-history":[{"count":0,"href":"https:\/\/linitiative.ca\/International\/wp-json\/wp\/v2\/posts\/46933\/revisions"}],"wp:attachment":[{"href":"https:\/\/linitiative.ca\/International\/wp-json\/wp\/v2\/media?parent=46933"}],"wp:term":[{"taxonomy":"category","embeddable":true,"href":"https:\/\/linitiative.ca\/International\/wp-json\/wp\/v2\/categories?post=46933"},{"taxonomy":"post_tag","embeddable":true,"href":"https:\/\/linitiative.ca\/International\/wp-json\/wp\/v2\/tags?post=46933"}],"curies":[{"name":"wp","href":"https:\/\/api.w.org\/{rel}","templated":true}]}}