{"id":46934,"date":"2019-07-17T15:50:05","date_gmt":"2019-07-17T19:50:05","guid":{"rendered":"https:\/\/linitiative.ca\/International\/can-2019-le-foot-congolais-en-debandade\/"},"modified":"2019-07-17T15:50:05","modified_gmt":"2019-07-17T19:50:05","slug":"can-2019-le-foot-congolais-en-debandade","status":"publish","type":"post","link":"https:\/\/linitiative.ca\/International\/can-2019-le-foot-congolais-en-debandade\/","title":{"rendered":"CAN-2019: le foot congolais en d\u00e9bandade"},"content":{"rendered":"<div readability=\"32\">\n<p>Publi\u00e9 le 17.07.2019 \u00e0 20h50 par AFP<\/p>\n<\/div>\n<div readability=\"112\">\n<p>Quatre joueurs sous contrat qui s\u2019enfuient au Maroc, des tonnes de bagages abandonn\u00e9s \u00e0 l\u2019a\u00e9roport du Caire, une plainte contre le pr\u00e9sident de la F\u00e9d\u00e9ration: le football en R\u00e9publique d\u00e9mocratique du Congo (RDC) accumule les cartons jaunes depuis l\u2019\u00e9limination des L\u00e9opards en 8e de finale de la CAN.<\/p>\n<p>On se croirait dans un pays sovi\u00e9tique \u00e0 l\u2019\u00e9poque de la guerre froide: l\u2019AS Vita, club mythique de Kinshasa, a d\u00e9nonc\u00e9 la fuite de quatre de ses joueurs \u00ab\u00a0pour le Maroc via Brazzaville en traversant le fleuve Congo par pirogue\u00a0\u00bb.<\/p>\n<p>Il s\u2019agit du milieu de terrain international Padou Bompunga Botuli, de Nelson Munganga Omba, Francis Kazadi Kasengu et Yannick Bangala Litombo.<\/p>\n<p>L\u2019AS Vita Club, entra\u00een\u00e9 par le s\u00e9lectionneur national Florent Ibenge, met en garde de potentiels recruteurs marocains: \u00ab\u00a0Tous ces joueurs ayant des contrats valides avec l\u2019AS V.Club, des dispositions ont \u00e9t\u00e9 prises avec la f\u00e9d\u00e9ration (Fecofa) pour que les \u00e9quipes marocaines puissent se soumettre \u00e0 la r\u00e8glementation internationale relative aux transferts\u00a0\u00bb.<\/p>\n<p>Mercredi toujours, une plainte a \u00e9t\u00e9 d\u00e9pos\u00e9e contre le pr\u00e9sident de la F\u00e9d\u00e9ration congolaise de football (F\u00e9cofa), Constant Omari, par un ex-candidat \u00e0 l\u2019\u00e9lection pr\u00e9sidentielle et homme d\u2019affaires, Seth Kikuni.<\/p>\n<p>M. Kikuni accuse le pr\u00e9sident de la F\u00e9cofa de ne pas avoir respect\u00e9 les clauses d\u2019un contrat pour habiller les joueurs. Il accuse en plus Constant Omari d\u2019avoir tenu des propos diffamatoires en le traitant de \u00ab\u00a0petit con et voyou\u00a0\u00bb, dans une vid\u00e9o tourn\u00e9e en Egypte et partag\u00e9e sur les r\u00e9seaux sociaux.<\/p>\n<p>La R\u00e9publique d\u00e9mocratique du Congo a \u00e9t\u00e9 \u00e9limin\u00e9e sans gloire en 8e de finale par le petit poucet Madagascar, aux tirs au but.<\/p>\n<p>\u2013 Des supporters exasp\u00e9r\u00e9s \u2013<\/p>\n<p>Dans le stade, des supporters en col\u00e8re s\u2019en \u00e9taient pris physiquement \u00e0 un conseiller du ministre des Sports apr\u00e8s cette d\u00e9faite, comme on le voit sur une vid\u00e9o qui a enflamm\u00e9 la toile congolaise.<\/p>\n<p>Au pied des pyramides \u00e9gyptiennes, les hommes de Florent Ibenge n\u2019ont pas seulement laiss\u00e9 leurs ambitions et leurs illusions.<\/p>\n<p>La pl\u00e9thorique d\u00e9l\u00e9gation congolaise -173 membres- a d\u00fb regagner Kinshasa sans une partie de ses valises apr\u00e8s la d\u00e9faite du 7 juillet.<\/p>\n<p>\u00ab\u00a0Il y avait pr\u00e8s de dix tonnes de marchandises appartenant aux joueurs, aux membres de la f\u00e9d\u00e9ration et au cabinet du ministre des Sports ainsi qu\u2019aux supporters. Le pilote a d\u00e9cid\u00e9 d\u2019embarquer deux tonnes, le reste a \u00e9t\u00e9 abandonn\u00e9 \u00e0 l\u2019a\u00e9roport international du Caire\u00a0\u00bb, a t\u00e9moign\u00e9 \u00e0 l\u2019AFP Emmanuel Ciguge, pr\u00e9sident de l\u2019ASBL \u00ab\u00a0Allez-y les L\u00e9opards\u00a0\u00bb, une organisation des supporters de l\u2019\u00e9quipe nationale congolaise.<\/p>\n<p>\u00ab\u00a0Ces colis abandonn\u00e9s seraient arriv\u00e9s aujourd\u2019hui \u00e0 Kinshasa par un cargo affr\u00e9t\u00e9 par le gouvernement\u00a0\u00bb, a r\u00e9agi \u00e0 l\u2019AFP un conseiller du ministre des Sports qui a refus\u00e9 d\u2019\u00eatre cit\u00e9.<\/p>\n<p>En Egypte, la d\u00e9l\u00e9gation congolaise a davantage pens\u00e9 \u00e0 faire des emplettes qu\u2019\u00e0 supporter ses joueurs, d\u2019apr\u00e8s le pr\u00e9sident de l\u2019organisation des supporters: \u00ab\u00a0Certains achetaient des meubles et des marchandises au march\u00e9 au lieu d\u2019\u00eatre dans le stade o\u00f9 Les L\u00e9opards jouaient\u00a0\u00bb, a d\u00e9plor\u00e9 M. Ciguge.<\/p>\n<\/div>\n<p>Auteur: AFP<br \/>\n<a href=\"https:\/\/www.journalducameroun.com\/can-2019-le-foot-congolais-en-debandade\/\">Cliquez ici pour lire l&rsquo;article depuis sa source.<\/a><\/p>\n","protected":false},"excerpt":{"rendered":"<p>Publi\u00e9 le 17.07.2019 \u00e0 20h50 par AFP Quatre joueurs sous contrat qui s\u2019enfuient au Maroc, des tonnes de bagages abandonn\u00e9s \u00e0 l\u2019a\u00e9roport du Caire, une plainte contre le pr\u00e9sident de la F\u00e9d\u00e9ration: le football en R\u00e9publique d\u00e9mocratique du Congo (RDC) accumule les cartons jaunes depuis l\u2019\u00e9limination des L\u00e9opards en 8e de finale de la CAN. [&hellip;]<\/p>\n","protected":false},"author":1965,"featured_media":0,"comment_status":"closed","ping_status":"closed","sticky":false,"template":"","format":"standard","meta":{"fifu_image_url":"","fifu_image_alt":"","footnotes":""},"categories":[73,82],"tags":[],"class_list":["post-46934","post","type-post","status-publish","format-standard","hentry","category-actualite","category-cameroun"],"_links":{"self":[{"href":"https:\/\/linitiative.ca\/International\/wp-json\/wp\/v2\/posts\/46934","targetHints":{"allow":["GET"]}}],"collection":[{"href":"https:\/\/linitiative.ca\/International\/wp-json\/wp\/v2\/posts"}],"about":[{"href":"https:\/\/linitiative.ca\/International\/wp-json\/wp\/v2\/types\/post"}],"author":[{"embeddable":true,"href":"https:\/\/linitiative.ca\/International\/wp-json\/wp\/v2\/users\/1965"}],"replies":[{"embeddable":true,"href":"https:\/\/linitiative.ca\/International\/wp-json\/wp\/v2\/comments?post=46934"}],"version-history":[{"count":0,"href":"https:\/\/linitiative.ca\/International\/wp-json\/wp\/v2\/posts\/46934\/revisions"}],"wp:attachment":[{"href":"https:\/\/linitiative.ca\/International\/wp-json\/wp\/v2\/media?parent=46934"}],"wp:term":[{"taxonomy":"category","embeddable":true,"href":"https:\/\/linitiative.ca\/International\/wp-json\/wp\/v2\/categories?post=46934"},{"taxonomy":"post_tag","embeddable":true,"href":"https:\/\/linitiative.ca\/International\/wp-json\/wp\/v2\/tags?post=46934"}],"curies":[{"name":"wp","href":"https:\/\/api.w.org\/{rel}","templated":true}]}}