{"id":46937,"date":"2019-07-17T16:50:02","date_gmt":"2019-07-17T20:50:02","guid":{"rendered":"https:\/\/linitiative.ca\/International\/ebola-en-rdc-letat-d-urgence-sanitaire-mondiale-est-declare-2\/"},"modified":"2019-07-17T16:50:02","modified_gmt":"2019-07-17T20:50:02","slug":"ebola-en-rdc-letat-d-urgence-sanitaire-mondiale-est-declare-2","status":"publish","type":"post","link":"https:\/\/linitiative.ca\/International\/ebola-en-rdc-letat-d-urgence-sanitaire-mondiale-est-declare-2\/","title":{"rendered":"Ebola en RDC: l\u2019\u00e9tat d&rsquo;\u00a0\u00bburgence\u00a0\u00bb sanitaire mondiale est d\u00e9clar\u00e9"},"content":{"rendered":"<div readability=\"32\">\n<p>Publi\u00e9 le 17.07.2019 \u00e0 21h50 par AFP<\/p>\n<\/div>\n<div readability=\"146\">\n<p>L\u2019Organisation mondiale de la sant\u00e9 (OMS) a \u00e9lev\u00e9 mercredi l\u2019\u00e9pid\u00e9mie de fi\u00e8vre h\u00e9morragique Ebola au rang d&rsquo;\u00a0\u00bburgence\u00a0\u00bb sanitaire mondiale, trois jours apr\u00e8s l\u2019apparition d\u2019un premier cas \u00e0 Goma, grande ville de l\u2019est de la R\u00e9publique d\u00e9mocratique du Congo, frontali\u00e8re du Rwanda.<\/p>\n<p>Le directeur g\u00e9n\u00e9ral de l\u2019OMS, Tedros Adhanom Ghebreyesus, a demand\u00e9 \u00e0 la communaut\u00e9 internationale de \u00ab\u00a0redoubler d\u2019efforts\u00a0\u00bb : \u00ab\u00a0Nous avons besoin de travailler ensemble avec la RDC pour en finir avec cette et construire un meilleur syst\u00e8me de sant\u00e9\u00a0\u00bb.<\/p>\n<p>Sa d\u00e9claration intervient alors que l\u2019\u00e9pid\u00e9mie a d\u00e9j\u00e0 tu\u00e9 1.668 personnes dans les zones recul\u00e9es et conflictuelles du Nord-Kivu en pr\u00e8s d\u2019un an depuis le 1er ao\u00fbt dernier.<\/p>\n<p>C\u2019est la quatri\u00e8me fois que l\u2019OMS active sa proc\u00e9dure d\u2019urgence sanitaire internationale depuis 2009 \u2013 dont une fois en 2014 pour la grande \u00e9pid\u00e9mie d\u2019Ebola qui a tu\u00e9 11.000 personnes en Afrique de l\u2019Ouest.<\/p>\n<p>Cette proc\u00e9dure signifie que la situation est \u00ab\u00a0grave, soudaine, inhabituelle ou inattendue\u00a0\u00bb, avec des cons\u00e9quences sanitaires \u00ab\u00a0au-del\u00e0 des fronti\u00e8res nationales de l\u2019\u00c9tat touch\u00e9\u00a0\u00bb, ce qui \u00ab\u00a0peut exiger une action internationale imm\u00e9diate\u00a0\u00bb, selon les crit\u00e8res du R\u00e8glement sanitaire international.<\/p>\n<p>\u2013 Electro-choc \u2013<\/p>\n<p>Le cas diagnostiqu\u00e9 \u00e0 Goma dimanche apr\u00e8s-midi a provoqu\u00e9 un nouvel \u00e9lectro-choc chez les \u00ab\u00a0acteurs\u00a0\u00bb de la riposte anti-Ebola, confront\u00e9s depuis un an \u00e0 de nombreux d\u00e9fis (r\u00e9sistance d\u2019une partie de la population, violences arm\u00e9es).<\/p>\n<p>Peupl\u00e9e d\u2019un \u00e0 deux millions d\u2019habitants, pos\u00e9e \u00e0 la fronti\u00e8re avec le Rwanda et voisine de l\u2019Ouganda, Goma est un carrefour dans cette r\u00e9gion en crise depuis 25 ans. La ville dispose de liaisons a\u00e9riennes avec l\u2019Ouganda, l\u2019Ethiopie et Kinshasa.<\/p>\n<p>Le patient de Goma est d\u00e9c\u00e9d\u00e9 depuis mais se pose d\u00e9sormais la question du nombre de contacts qu\u2019il a pu avoir \u00e0 partir du moment o\u00f9 il a d\u00e9velopp\u00e9 les premiers sympt\u00f4mes. La plupart ont \u00e9t\u00e9 vaccin\u00e9s, assurent les autorit\u00e9s sanitaires.<\/p>\n<p>\u00ab\u00a0Le risque de diss\u00e9mination d\u2019Ebola dans la r\u00e9gion reste \u00e9lev\u00e9, mais il reste faible en dehors\u00a0\u00bb, a ajout\u00e9 le Dr Tedros.<\/p>\n<p>L\u2019urgence sanitaire avait \u00e9t\u00e9 envisag\u00e9e en juin quand l\u2019\u00e9pid\u00e9mie avait d\u00e9bord\u00e9 sur l\u2019Ouganda voisin, avec le d\u00e9c\u00e8s de deux patients.<\/p>\n<p>Mercredi soir, les autorit\u00e9s ougandaises recherchent des personnes qui ont \u00e9t\u00e9 en contact avec un cas confirm\u00e9 d\u2019Ebola originaire de la RDC.<\/p>\n<p>\u00ab\u00a0D\u00e9c\u00e9d\u00e9 depuis lundi dernier dans un centre sp\u00e9cialis\u00e9 \u00e0 Beni, ce malade avait manifest\u00e9 des sympt\u00f4mes d\u2019Ebola depuis son s\u00e9jour \u00e0 Kasese, district de l\u2019Ouganda frontalier avec la RDC\u00a0\u00bb, pr\u00e9cise un communiqu\u00e9 des autorit\u00e9s ougandaises et de l\u2019OMS.<\/p>\n<p>Le virus se transmet \u00e0 l\u2019\u00eatre humain par contact soit avec des animaux infect\u00e9s (en g\u00e9n\u00e9ral en les d\u00e9pe\u00e7ant, en les cuisant ou en les mangeant), soit avec des fluides biologiques de personnes infect\u00e9es.<\/p>\n<p>\u2013 Pas une excuse \u2013<\/p>\n<p>L\u2019OMS a pr\u00e9cis\u00e9 que la d\u00e9claration d\u2019urgence sanitaire mondiale ne devait pas \u00eatre une \u00ab\u00a0excuse pour imposer des restrictions au commerce et aux d\u00e9placements qui auraient un impact n\u00e9gatif sur la r\u00e9ponse (sanitaire) et sur la vie de la population dans la r\u00e9gion\u00a0\u00bb, a soulign\u00e9 le Professeur Robert Steffen, chef du Comit\u00e9 d\u2019urgence de l\u2019OMS.<\/p>\n<p>\u00ab\u00a0Nous devons changer de m\u00e9thode\u00a0\u00bb dans la riposte anti-Ebola, a r\u00e9agi M\u00e9decins sans fronti\u00e8re (MSF) dans un communiqu\u00e9.<\/p>\n<p>\u00ab\u00a0Dans un contexte o\u00f9 la recherche des cas contacts n\u2019est pas totalement efficace et o\u00f9 toutes les personnes affect\u00e9es ne sont pas atteintes, une approche de plus grande envergure est indispensable pour la pr\u00e9vention de l\u2019\u00e9pid\u00e9mie\u00a0\u00bb, ajoute MSF.<\/p>\n<p>MSF avait annonc\u00e9 le retrait de ses \u00e9quipes d\u00e9but mars de Beni et Butembo, les principaux foyers de l\u2019\u00e9pid\u00e9mie, apr\u00e8s des attaques arm\u00e9s contre des Centres de traitement d\u2019Ebola (CTE).<\/p>\n<p>Les experts r\u00e9unis \u00e0 Gen\u00e8ve depuis mercredi midi ont \u00e9galement exprim\u00e9 leur \u00ab\u00a0d\u00e9ception au sujet des retards dans le financement\u00a0\u00bb de l\u2019aide.<\/p>\n<p>Le Comit\u00e9 a notamment reconnu qu\u2019il y avait une p\u00e9nurie de vaccins jug\u00e9s efficaces pour contrecarrer l\u2019\u00e9pid\u00e9mie. Il a recommand\u00e9 \u00e0 l\u2019OMS de demander un effort aux Etats et aux laboratoires.<\/p>\n<p>C\u2019est la grande diff\u00e9rence avec les pr\u00e9c\u00e9dentes \u00e9pid\u00e9mies: 163.533 personnes ont \u00e9t\u00e9 vaccin\u00e9es, selon le minist\u00e8re de la Sant\u00e9, qui pr\u00e9cise chaque jour que \u00ab\u00a0le seul vaccin \u00e0 \u00eatre utilis\u00e9 dans cette \u00e9pid\u00e9mie est le vaccin rVSV-ZEBOV, fabriqu\u00e9 par le groupe pharmaceutique Merck\u00a0\u00bb.<\/p>\n<p>L\u2019\u00e9pid\u00e9mie actuelle est la dixi\u00e8me depuis 1976 en RDC et la deuxi\u00e8me plus grave dans l\u2019histoire d\u2019Ebola, apr\u00e8s l\u2019\u00e9pid\u00e9mie qui a frapp\u00e9 l\u2019Afrique de l\u2019Ouest en 2014-2016.<\/p>\n<\/div>\n<p>Auteur: AFP<br \/>\n<a href=\"https:\/\/www.journalducameroun.com\/ebola-en-rdc-letat-durgence-sanitaire-mondiale-est-declare-2\/\">Cliquez ici pour lire l&rsquo;article depuis sa source.<\/a><\/p>\n","protected":false},"excerpt":{"rendered":"<p>Publi\u00e9 le 17.07.2019 \u00e0 21h50 par AFP L\u2019Organisation mondiale de la sant\u00e9 (OMS) a \u00e9lev\u00e9 mercredi l\u2019\u00e9pid\u00e9mie de fi\u00e8vre h\u00e9morragique Ebola au rang d&rsquo;\u00a0\u00bburgence\u00a0\u00bb sanitaire mondiale, trois jours apr\u00e8s l\u2019apparition d\u2019un premier cas \u00e0 Goma, grande ville de l\u2019est de la R\u00e9publique d\u00e9mocratique du Congo, frontali\u00e8re du Rwanda. Le directeur g\u00e9n\u00e9ral de l\u2019OMS, Tedros Adhanom [&hellip;]<\/p>\n","protected":false},"author":1965,"featured_media":0,"comment_status":"closed","ping_status":"closed","sticky":false,"template":"","format":"standard","meta":{"fifu_image_url":"","fifu_image_alt":"","footnotes":""},"categories":[73,82],"tags":[],"class_list":["post-46937","post","type-post","status-publish","format-standard","hentry","category-actualite","category-cameroun"],"_links":{"self":[{"href":"https:\/\/linitiative.ca\/International\/wp-json\/wp\/v2\/posts\/46937","targetHints":{"allow":["GET"]}}],"collection":[{"href":"https:\/\/linitiative.ca\/International\/wp-json\/wp\/v2\/posts"}],"about":[{"href":"https:\/\/linitiative.ca\/International\/wp-json\/wp\/v2\/types\/post"}],"author":[{"embeddable":true,"href":"https:\/\/linitiative.ca\/International\/wp-json\/wp\/v2\/users\/1965"}],"replies":[{"embeddable":true,"href":"https:\/\/linitiative.ca\/International\/wp-json\/wp\/v2\/comments?post=46937"}],"version-history":[{"count":0,"href":"https:\/\/linitiative.ca\/International\/wp-json\/wp\/v2\/posts\/46937\/revisions"}],"wp:attachment":[{"href":"https:\/\/linitiative.ca\/International\/wp-json\/wp\/v2\/media?parent=46937"}],"wp:term":[{"taxonomy":"category","embeddable":true,"href":"https:\/\/linitiative.ca\/International\/wp-json\/wp\/v2\/categories?post=46937"},{"taxonomy":"post_tag","embeddable":true,"href":"https:\/\/linitiative.ca\/International\/wp-json\/wp\/v2\/tags?post=46937"}],"curies":[{"name":"wp","href":"https:\/\/api.w.org\/{rel}","templated":true}]}}