{"id":46939,"date":"2019-07-17T17:50:04","date_gmt":"2019-07-17T21:50:04","guid":{"rendered":"https:\/\/linitiative.ca\/International\/can-2019-la-consolante-pour-le-nigeria-encore-3e\/"},"modified":"2019-07-17T17:50:04","modified_gmt":"2019-07-17T21:50:04","slug":"can-2019-la-consolante-pour-le-nigeria-encore-3e","status":"publish","type":"post","link":"https:\/\/linitiative.ca\/International\/can-2019-la-consolante-pour-le-nigeria-encore-3e\/","title":{"rendered":"CAN-2019: la consolante pour le Nigeria, encore 3e"},"content":{"rendered":"<div readability=\"32\">\n<p>Publi\u00e9 le 17.07.2019 \u00e0 22h50 par AFP<\/p>\n<\/div>\n<div readability=\"43\">\n<p>Le Nigeria s\u2019est class\u00e9 troisi\u00e8me de la CAN-2019, pour la 8e fois, en battant 1-0 la Tunisie gr\u00e2ce \u00e0 un but d\u2019Ighalo lors de la petite finale du tournoi mercredi au Caire.<\/p>\n<p>Les Super Eagles ont pris l\u2019avantage apr\u00e8s seulement trois minutes de jeu \u00e0 la suite d\u2019un cafouillage du gardien tunisien Ben Cherifia qui a permis \u00e0 Odion Ighalo d\u2019inscrire, dans le but vide, son 5e but de la comp\u00e9tition. Il est, pour l\u2019instant, le meilleur marqueur de la CAN-2019.<\/p>\n<\/div>\n<p>Auteur: AFP<br \/>\n<a href=\"https:\/\/www.journalducameroun.com\/can-2019-la-consolante-pour-le-nigeria-encore-3e\/\">Cliquez ici pour lire l&rsquo;article depuis sa source.<\/a><\/p>\n","protected":false},"excerpt":{"rendered":"<p>Publi\u00e9 le 17.07.2019 \u00e0 22h50 par AFP Le Nigeria s\u2019est class\u00e9 troisi\u00e8me de la CAN-2019, pour la 8e fois, en battant 1-0 la Tunisie gr\u00e2ce \u00e0 un but d\u2019Ighalo lors de la petite finale du tournoi mercredi au Caire. Les Super Eagles ont pris l\u2019avantage apr\u00e8s seulement trois minutes de jeu \u00e0 la suite d\u2019un [&hellip;]<\/p>\n","protected":false},"author":1965,"featured_media":0,"comment_status":"closed","ping_status":"closed","sticky":false,"template":"","format":"standard","meta":{"fifu_image_url":"","fifu_image_alt":"","footnotes":""},"categories":[73,82],"tags":[],"class_list":["post-46939","post","type-post","status-publish","format-standard","hentry","category-actualite","category-cameroun"],"_links":{"self":[{"href":"https:\/\/linitiative.ca\/International\/wp-json\/wp\/v2\/posts\/46939","targetHints":{"allow":["GET"]}}],"collection":[{"href":"https:\/\/linitiative.ca\/International\/wp-json\/wp\/v2\/posts"}],"about":[{"href":"https:\/\/linitiative.ca\/International\/wp-json\/wp\/v2\/types\/post"}],"author":[{"embeddable":true,"href":"https:\/\/linitiative.ca\/International\/wp-json\/wp\/v2\/users\/1965"}],"replies":[{"embeddable":true,"href":"https:\/\/linitiative.ca\/International\/wp-json\/wp\/v2\/comments?post=46939"}],"version-history":[{"count":0,"href":"https:\/\/linitiative.ca\/International\/wp-json\/wp\/v2\/posts\/46939\/revisions"}],"wp:attachment":[{"href":"https:\/\/linitiative.ca\/International\/wp-json\/wp\/v2\/media?parent=46939"}],"wp:term":[{"taxonomy":"category","embeddable":true,"href":"https:\/\/linitiative.ca\/International\/wp-json\/wp\/v2\/categories?post=46939"},{"taxonomy":"post_tag","embeddable":true,"href":"https:\/\/linitiative.ca\/International\/wp-json\/wp\/v2\/tags?post=46939"}],"curies":[{"name":"wp","href":"https:\/\/api.w.org\/{rel}","templated":true}]}}