{"id":46960,"date":"2019-07-17T10:13:16","date_gmt":"2019-07-17T14:13:16","guid":{"rendered":"https:\/\/linitiative.ca\/International\/cooperation-la-sfi-est-prete-a-financer-les-projets-dans-le-secteur-prive\/"},"modified":"2019-07-17T10:13:16","modified_gmt":"2019-07-17T14:13:16","slug":"cooperation-la-sfi-est-prete-a-financer-les-projets-dans-le-secteur-prive","status":"publish","type":"post","link":"https:\/\/linitiative.ca\/International\/cooperation-la-sfi-est-prete-a-financer-les-projets-dans-le-secteur-prive\/","title":{"rendered":"Coop\u00e9ration : la SFI est pr\u00eate \u00e0 financer les projets dans le secteur priv\u00e9"},"content":{"rendered":"<div class=\"featured-area featured-area-inner\"><img loading=\"lazy\" decoding=\"async\" width=\"780\" height=\"405\" src=\"https:\/\/i0.wp.com\/ecomatin.net\/wp-content\/uploads\/2019\/07\/ecomatin.net-cooperation-la-sfi-est-prete-a-financer-les-projets-dans-le-secteur-prive-sergio-pimenta.jpg?resize=780%2C405&#038;ssl=1&#038;is-pending-load=1\" class=\"attachment-jannah-image-post size-jannah-image-post wp-post-image jetpack-lazy-image\" alt=\"\" data-attachment-id=\"9915\" data-permalink=\"https:\/\/ecomatin.net\/cooperation-la-sfi-est-prete-a-financer-les-projets-dans-le-secteur-prive\/sergio-pimenta-2\/\" data-orig-file=\"https:\/\/i0.wp.com\/ecomatin.net\/wp-content\/uploads\/2019\/07\/ecomatin.net-cooperation-la-sfi-est-prete-a-financer-les-projets-dans-le-secteur-prive-sergio-pimenta.jpg?fit=1183%2C787&#038;ssl=1\" data-orig-size=\"1183,787\" data-comments-opened=\"0\" data-image-meta=\"{\"aperture\":\"0\",\"credit\":\"\",\"camera\":\"\",\"caption\":\"\",\"created_timestamp\":\"0\",\"copyright\":\"\",\"focal_length\":\"0\",\"iso\":\"0\",\"shutter_speed\":\"0\",\"title\":\"\",\"orientation\":\"1\"}\" data-image-title=\"Sergio Pimenta\" data-image-description=\"\" data-medium-file=\"https:\/\/i0.wp.com\/ecomatin.net\/wp-content\/uploads\/2019\/07\/ecomatin.net-cooperation-la-sfi-est-prete-a-financer-les-projets-dans-le-secteur-prive-sergio-pimenta.jpg?fit=300%2C200&#038;ssl=1\" data-large-file=\"https:\/\/i0.wp.com\/ecomatin.net\/wp-content\/uploads\/2019\/07\/ecomatin.net-cooperation-la-sfi-est-prete-a-financer-les-projets-dans-le-secteur-prive-sergio-pimenta.jpg?fit=1024%2C681&#038;ssl=1\" srcset=\"data:image\/gif;base64,R0lGODlhAQABAIAAAAAAAP\/\/\/yH5BAEAAAAALAAAAAABAAEAAAIBRAA7\"\/><\/div>\n<div class=\"entry-content entry clearfix\" readability=\"59\">\n<p>Suite aux nombreuses discussions\u00a0 avec les autorit\u00e9s camerounaises, le secteur priv\u00e9 et les partenaires au d\u00e9veloppement, le\u00a0 Vice-pr\u00e9sident de la Soci\u00e9t\u00e9 financi\u00e8re internationale (SFI) pour le Moyen-Orient et l\u2019Afrique <strong>S\u00e9rgio Pimenta<\/strong> s\u2019est rendu compte \u00e0 la fin de sa visite le 12 juillet 2019 des autres opportunit\u00e9s que la SFI peut apporter au Cameroun. Notamment, le soutien aux <strong>PME\/PMI<\/strong> qui sont moteur de l\u2019\u00e9conomie sous de nombreux aspects particuli\u00e8rement : la cr\u00e9ation d\u2019emplois pour les jeunes et les femmes. L\u2019entreprenariat f\u00e9minin va de ce fait b\u00e9n\u00e9ficier de l\u2019assistance technique et financi\u00e8re de cette institution. Travailler \u00e9galement sur le secteur agricole et alimentaire et voir quelles sont les opportunit\u00e9s pouvant lever les contraintes qui peuvent exister au niveau des chaines de valeur et amener plus d\u2019investissements \u00e0 la fois \u00e9trangers mais \u00e9galement d\u2019entreprises camerounaises pour augmenter l\u2019impact positif que le secteur agricole peut apporter au pays.<\/p>\n<p>D\u2019autre part, la visite de <strong>S\u00e9rgio Pimenta<\/strong> consistait \u00e9galement \u00e0 voir comment soutenir davantage le Cameroun,ceci \u00e0 travers une nouvelle strat\u00e9gie pratiqu\u00e9e en Afrique subsaharienne qui consiste \u00e0 identifier les grands d\u00e9fis\u00a0 de d\u00e9veloppement et de voir comment elle \u00a0pourrait mettre en place des solutions avec le secteur priv\u00e9 pour adresser ces d\u00e9fis au d\u00e9veloppement.\u00a0 \u00ab\u00a0 <em>C\u2019est une strat\u00e9gie que nous avons mis en place au Cameroun l\u2019an dernier, lorsque nous avons financ\u00e9 le barrage hydro\u00e9lectrique de Natchigal qui est un grand projet hydro\u00e9lectrique et qui, une fois mis en \u0153uvre va augmenter la production de l\u2019\u00e9nergie au Cameroun de 30 %, et nous voulons aller au-del\u00e0<\/em>.\u00a0\u00bb a affirm\u00e9 <strong>S\u00e9rgio Pimenta.<\/strong><\/p>\n<p>Le portefeuille actif de la <strong>SFI<\/strong> au Cameroun s\u2019\u00e9l\u00e8ve \u00e0 <strong>228 millions de dollars<\/strong> (<strong>132,6 milliards de FCFA<\/strong>) d\u2019investissement. Ainsi, la <strong>SFI<\/strong> sera-t-elle davantage pr\u00e9sente au Cameroun ou elle a deux principales missions \u00e0 savoir la r\u00e9duction de l\u2019extr\u00eame pauvret\u00e9 et la croissance partag\u00e9e.\u00a0La soci\u00e9t\u00e9 financi\u00e8re internationale, qui est une filiale du groupe de la Banque mondiale charg\u00e9e du secteur priv\u00e9 dans les projets de d\u00e9veloppement au Cameroun, a \u00e9t\u00e9 cr\u00e9\u00e9 pour le d\u00e9veloppement et le soutien des entreprises du secteur priv\u00e9. \u00ab\u00a0Il est important d\u2019avoir une diversification de l\u2019\u00e9conomie et d\u2019aider \u00e0 d\u00e9velopper les Pme. Car ce sont des entreprises qui peuvent cr\u00e9er de l\u2019emploi, contribuer \u00e0 la croissance du pays\u00a0\u00bb, a indiqu\u00e9\u00a0 <strong>S\u00e9rgio Pimenta.<\/strong><\/p>\n<div class=\"about-author about-author-box container-wrapper\">\n<div class=\"author-avatar\">\n<p><img decoding=\"async\" src=\"http:\/\/\" alt=\"\"\/><\/p>\n<\/div>\n<p><h4>La R\u00e9daction EcoMatin<\/h4>\n<\/p>\n<\/div>\n<div class=\"awac-wrapper awac widget blog_subscription-2\">\n<h4 class=\"widget-title\">Abonnez-vous \u00e0 notre lettre d&rsquo;information<\/h4>\n<\/div>\n<\/div>\n<div class=\"toggle-post-content clearfix\"><a id=\"toggle-post-button\" class=\"button\" href=\"#\">Afficher plus <\/a><\/div>\n<p>Auteur: EcoMatin<br \/>\n<a href=\"https:\/\/ecomatin.net\/cooperation-la-sfi-est-prete-a-financer-les-projets-dans-le-secteur-prive\/\">Cliquez ici pour lire l&rsquo;article depuis sa source.<\/a><\/p>\n","protected":false},"excerpt":{"rendered":"<p>Suite aux nombreuses discussions\u00a0 avec les autorit\u00e9s camerounaises, le secteur priv\u00e9 et les partenaires au d\u00e9veloppement, le\u00a0 Vice-pr\u00e9sident de la Soci\u00e9t\u00e9 financi\u00e8re internationale (SFI) pour le Moyen-Orient et l\u2019Afrique S\u00e9rgio Pimenta s\u2019est rendu compte \u00e0 la fin de sa visite le 12 juillet 2019 des autres opportunit\u00e9s que la SFI peut apporter au Cameroun. Notamment, [&hellip;]<\/p>\n","protected":false},"author":1969,"featured_media":0,"comment_status":"closed","ping_status":"closed","sticky":false,"template":"","format":"standard","meta":{"fifu_image_url":"","fifu_image_alt":"","footnotes":""},"categories":[82,78],"tags":[],"class_list":["post-46960","post","type-post","status-publish","format-standard","hentry","category-cameroun","category-economie"],"_links":{"self":[{"href":"https:\/\/linitiative.ca\/International\/wp-json\/wp\/v2\/posts\/46960","targetHints":{"allow":["GET"]}}],"collection":[{"href":"https:\/\/linitiative.ca\/International\/wp-json\/wp\/v2\/posts"}],"about":[{"href":"https:\/\/linitiative.ca\/International\/wp-json\/wp\/v2\/types\/post"}],"author":[{"embeddable":true,"href":"https:\/\/linitiative.ca\/International\/wp-json\/wp\/v2\/users\/1969"}],"replies":[{"embeddable":true,"href":"https:\/\/linitiative.ca\/International\/wp-json\/wp\/v2\/comments?post=46960"}],"version-history":[{"count":0,"href":"https:\/\/linitiative.ca\/International\/wp-json\/wp\/v2\/posts\/46960\/revisions"}],"wp:attachment":[{"href":"https:\/\/linitiative.ca\/International\/wp-json\/wp\/v2\/media?parent=46960"}],"wp:term":[{"taxonomy":"category","embeddable":true,"href":"https:\/\/linitiative.ca\/International\/wp-json\/wp\/v2\/categories?post=46960"},{"taxonomy":"post_tag","embeddable":true,"href":"https:\/\/linitiative.ca\/International\/wp-json\/wp\/v2\/tags?post=46960"}],"curies":[{"name":"wp","href":"https:\/\/api.w.org\/{rel}","templated":true}]}}