{"id":46961,"date":"2019-07-17T10:34:23","date_gmt":"2019-07-17T14:34:23","guid":{"rendered":"https:\/\/linitiative.ca\/International\/insertion-professionnelle-letat-prevoit-109-milliards-f-pour-trois-millions-demplois-en-2023\/"},"modified":"2019-07-17T10:34:23","modified_gmt":"2019-07-17T14:34:23","slug":"insertion-professionnelle-letat-prevoit-109-milliards-f-pour-trois-millions-demplois-en-2023","status":"publish","type":"post","link":"https:\/\/linitiative.ca\/International\/insertion-professionnelle-letat-prevoit-109-milliards-f-pour-trois-millions-demplois-en-2023\/","title":{"rendered":"Insertion professionnelle : l\u2019Etat pr\u00e9voit 109 milliards F pour trois millions d\u2019emplois en 2023"},"content":{"rendered":"<div class=\"featured-area featured-area-inner\"><img loading=\"lazy\" decoding=\"async\" width=\"500\" height=\"250\" src=\"https:\/\/i0.wp.com\/ecomatin.net\/wp-content\/uploads\/2019\/07\/ecomatin.net-insertion-professionnelle-letat-prevoit-109-milliards-f-pour-trois-millions-demplois-en-2023-emploi-2019.jpg?resize=500%2C250&#038;ssl=1&#038;is-pending-load=1\" class=\"attachment-jannah-image-post size-jannah-image-post wp-post-image jetpack-lazy-image\" alt=\"\" data-attachment-id=\"9918\" data-permalink=\"https:\/\/ecomatin.net\/insertion-professionnelle-letat-prevoit-109-milliards-f-pour-trois-millions-demplois-en-2023\/emploi-2019\/\" data-orig-file=\"https:\/\/i0.wp.com\/ecomatin.net\/wp-content\/uploads\/2019\/07\/ecomatin.net-insertion-professionnelle-letat-prevoit-109-milliards-f-pour-trois-millions-demplois-en-2023-emploi-2019.jpg?fit=500%2C250&#038;ssl=1\" data-orig-size=\"500,250\" data-comments-opened=\"0\" data-image-meta=\"{\"aperture\":\"0\",\"credit\":\"\",\"camera\":\"\",\"caption\":\"\",\"created_timestamp\":\"0\",\"copyright\":\"\",\"focal_length\":\"0\",\"iso\":\"0\",\"shutter_speed\":\"0\",\"title\":\"\",\"orientation\":\"0\"}\" data-image-title=\"emploi 2019\" data-image-description=\"\" data-medium-file=\"https:\/\/i0.wp.com\/ecomatin.net\/wp-content\/uploads\/2019\/07\/ecomatin.net-insertion-professionnelle-letat-prevoit-109-milliards-f-pour-trois-millions-demplois-en-2023-emploi-2019.jpg?fit=300%2C150&#038;ssl=1\" data-large-file=\"https:\/\/i0.wp.com\/ecomatin.net\/wp-content\/uploads\/2019\/07\/ecomatin.net-insertion-professionnelle-letat-prevoit-109-milliards-f-pour-trois-millions-demplois-en-2023-emploi-2019.jpg?fit=500%2C250&#038;ssl=1\" data-lazy-srcset=\"https:\/\/i0.wp.com\/ecomatin.net\/wp-content\/uploads\/2019\/07\/ecomatin.net-insertion-professionnelle-letat-prevoit-109-milliards-f-pour-trois-millions-demplois-en-2023-emploi-2019.jpg?w=500&#038;ssl=1 500w, https:\/\/i0.wp.com\/ecomatin.net\/wp-content\/uploads\/2019\/07\/ecomatin.net-insertion-professionnelle-letat-prevoit-109-milliards-f-pour-trois-millions-demplois-en-2023-emploi-2019.jpg?resize=300%2C150&#038;ssl=1 300w\" data-lazy-sizes=\"(max-width: 500px) 100vw, 500px\" srcset=\"data:image\/gif;base64,R0lGODlhAQABAIAAAAAAAP\/\/\/yH5BAEAAAAALAAAAAABAAEAAAIBRAA7\"\/><\/div>\n<div class=\"entry-content entry clearfix\" readability=\"59\">\n<p>Les <strong>membres du Comit\u00e9 interminist\u00e9riel\u00a0 de suivi de l\u2019emploi (CISE)<\/strong> se sont r\u00e9unis le 10 juillet 2019 \u00e0 Yaound\u00e9.\u00a0 Ils ont valid\u00e9 la nouvelle <strong>Politique nationale de l\u2019emploi\u00a0 (PNE)<\/strong> afin de l\u2019arrimer aux agendas 2023 des Nations-Unies et \u00e0 la deuxi\u00e8me phase de la vision 2035 post <strong>DSCE<\/strong>.\u00a0 L\u2019objectif de la PNE est d\u2019am\u00e9liorer le fonctionnement du march\u00e9 du travail au regard de l\u2019\u00e9volution de l\u2019\u00e9conomie nationale.<\/p>\n<p>D\u2019apr\u00e8s le plan d\u2019actions prioritaires de la PNE, au cours de la p\u00e9riode 2019-2023, les pouvoirs publics envisagent de cr\u00e9er <strong>3 millions d\u2019emplois<\/strong>, soit en moyenne <strong>350 707<\/strong> emplois potentiels par an. Le CISE vante que avec\u00a0 la prise en compte des activit\u00e9s des entreprises du secteur priv\u00e9, des coop\u00e9ratives, des ONG et des collectivit\u00e9s territoriales d\u00e9centralis\u00e9es, ce chiffre pourra passer \u00e0 <strong>500 000<\/strong> emplois chaque ann\u00e9e. En outre, la mise en \u0153uvre de cette politique nationale de l\u2019emploi pour le quinquennat 2019-2023 doit co\u00fbter\u00a0 <strong>109,3 milliards<\/strong> <strong>FCFA.<\/strong> Dans les d\u00e9tails, <strong>87,5 milliards FCFA<\/strong> seront mobilis\u00e9s \u00e0 travers le budget d\u2019investissement public et <strong>21,8 milliards FCFA<\/strong> par les partenaires techniques et financiers.<\/p>\n<p>D\u2019autre part, afin de relever le niveau de l\u2019emploi au Cameroun, les recommandations ont \u00e9t\u00e9 faites pour promouvoir l\u2019emploi d\u00e9cent. Notamment\u00a0 au niveau des projets d\u2019investissement publics et l\u2019approche \u00e0 haute intensit\u00e9 de main-d\u2019\u0153uvre. Mais aussi en \u00e9largissant la cr\u00e9ation et la promotion de la TPE et de la PME\/PMI ainsi que l\u2019incitation \u00e0 l\u2019entrepreneuriat et am\u00e9liorer l\u2019employabilit\u00e9 de la main d\u2019\u0153uvre. Dans un contexte o\u00f9 le Cameroun est en chantier, le secteur attend jouer son r\u00f4le de r\u00e9gulateur du march\u00e9 de l\u2019emploi pour mieux accompagner le secteur priv\u00e9 dont le potentiel en termes de cr\u00e9ation d\u2019emplois est \u00e9norme. La priorit\u00e9 devra \u00eatre accord\u00e9e \u00e0 la mise en avant des champions nationaux et des nouveaux m\u00e9tiers porteurs de croissance comme les TIC. Il est surtout question de prioriser l\u2019emploi lors de l\u2019\u00e9laboration du budget dans chaque d\u00e9partement minist\u00e9riel.<\/p>\n<div class=\"about-author about-author-box container-wrapper\">\n<div class=\"author-avatar\">\n<p><img decoding=\"async\" src=\"http:\/\/\" alt=\"\"\/><\/p>\n<\/div>\n<p><h4>La R\u00e9daction EcoMatin<\/h4>\n<\/p>\n<\/div>\n<div class=\"awac-wrapper awac widget blog_subscription-2\">\n<h4 class=\"widget-title\">Abonnez-vous \u00e0 notre lettre d&rsquo;information<\/h4>\n<\/div>\n<\/div>\n<div class=\"toggle-post-content clearfix\"><a id=\"toggle-post-button\" class=\"button\" href=\"#\">Afficher plus <\/a><\/div>\n<p>Auteur: EcoMatin<br \/>\n<a href=\"https:\/\/ecomatin.net\/insertion-professionnelle-letat-prevoit-109-milliards-f-pour-trois-millions-demplois-en-2023\/\">Cliquez ici pour lire l&rsquo;article depuis sa source.<\/a><\/p>\n","protected":false},"excerpt":{"rendered":"<p>Les membres du Comit\u00e9 interminist\u00e9riel\u00a0 de suivi de l\u2019emploi (CISE) se sont r\u00e9unis le 10 juillet 2019 \u00e0 Yaound\u00e9.\u00a0 Ils ont valid\u00e9 la nouvelle Politique nationale de l\u2019emploi\u00a0 (PNE) afin de l\u2019arrimer aux agendas 2023 des Nations-Unies et \u00e0 la deuxi\u00e8me phase de la vision 2035 post DSCE.\u00a0 L\u2019objectif de la PNE est d\u2019am\u00e9liorer le [&hellip;]<\/p>\n","protected":false},"author":1969,"featured_media":0,"comment_status":"closed","ping_status":"closed","sticky":false,"template":"","format":"standard","meta":{"fifu_image_url":"","fifu_image_alt":"","footnotes":""},"categories":[82,78],"tags":[],"class_list":["post-46961","post","type-post","status-publish","format-standard","hentry","category-cameroun","category-economie"],"_links":{"self":[{"href":"https:\/\/linitiative.ca\/International\/wp-json\/wp\/v2\/posts\/46961","targetHints":{"allow":["GET"]}}],"collection":[{"href":"https:\/\/linitiative.ca\/International\/wp-json\/wp\/v2\/posts"}],"about":[{"href":"https:\/\/linitiative.ca\/International\/wp-json\/wp\/v2\/types\/post"}],"author":[{"embeddable":true,"href":"https:\/\/linitiative.ca\/International\/wp-json\/wp\/v2\/users\/1969"}],"replies":[{"embeddable":true,"href":"https:\/\/linitiative.ca\/International\/wp-json\/wp\/v2\/comments?post=46961"}],"version-history":[{"count":0,"href":"https:\/\/linitiative.ca\/International\/wp-json\/wp\/v2\/posts\/46961\/revisions"}],"wp:attachment":[{"href":"https:\/\/linitiative.ca\/International\/wp-json\/wp\/v2\/media?parent=46961"}],"wp:term":[{"taxonomy":"category","embeddable":true,"href":"https:\/\/linitiative.ca\/International\/wp-json\/wp\/v2\/categories?post=46961"},{"taxonomy":"post_tag","embeddable":true,"href":"https:\/\/linitiative.ca\/International\/wp-json\/wp\/v2\/tags?post=46961"}],"curies":[{"name":"wp","href":"https:\/\/api.w.org\/{rel}","templated":true}]}}